{"id":17544,"date":"2023-11-21T13:33:27","date_gmt":"2023-11-21T12:33:27","guid":{"rendered":"https:\/\/blog.spanishcourseinspain.com\/curso-de-espanol-en-espana-un-plan-excelente-para-todas-las-edades\/"},"modified":"2024-11-18T16:51:38","modified_gmt":"2024-11-18T15:51:38","slug":"curso-de-espanol-en-espana-un-plan-excelente-para-todas-las-edades","status":"publish","type":"post","link":"https:\/\/blog.spanishcourseinspain.com\/pl\/curso-de-espanol-en-espana-un-plan-excelente-para-todas-las-edades\/","title":{"rendered":"Curso de espa\u00f1ol en Espa\u00f1a: Un plan excelente para todas las edades!"},"content":{"rendered":"[et_pb_section][et_pb_row][et_pb_column type=&#8221;4_4&#8243;][et_pb_text]\r\n\r\n<p class=\"has-text-align-justify wp-block-paragraph\"><em>Hoy h<\/em><em>ablamos con <strong>Jeroen<\/strong>, nuestro estudiante de Pa\u00edses Bajos que ha viajado con <a href=\"http:\/\/www.spanishcourseinspain.com\/es\"><strong>Dencanto Community<\/strong><\/a> a Malaga y a Madrid para estudiar espa\u00f1ol y sumergirse en la cultura del pa\u00eds. Est\u00e1 feliz de compartir su experiencia y dar un par de consejos valiosos a los que est\u00e1n todav\u00eda dudando si es buena idea hacer un curso de espa\u00f1ol en Espa\u00f1a (Spoiler: claro que lo es!\ud83d\ude09)<\/em><\/p>\r\n\r\n\r\n\r\n<p class=\"has-text-align-justify wp-block-paragraph\">Me llamo <strong>Jeroen Gerritse y vivo en Hilversum, Pa\u00edses Bajos<\/strong>. Me encanta el senderismo, sobre todo las largas distancias y las excursiones de varios d\u00edas. Adem\u00e1s de las actividades al aire libre, me encanta viajar y descubrir cosas nuevas.<\/p>\r\n\r\n\r\n\r\n<p class=\"has-text-align-justify wp-block-paragraph\">Desde enero de 2023, tengo m\u00e1s tiempo libre y en mayo decid\u00ed ir a <strong>M\u00e1laga<\/strong>. En los Pa\u00edses Bajos, he estado dando clases de espa\u00f1ol durante m\u00e1s de tres a\u00f1os y quer\u00eda profundizar. En M\u00e1laga hice un curso intensivo de espa\u00f1ol durante 2 semanas. La ciudad y las <strong><a href=\"https:\/\/www.spanishcourseinspain.com\/es\/curso-espanol-intensivo-20h-enforex-malaga\">clases en la escuela de espa\u00f1ol en M\u00e1laga<\/a> <\/strong>fueron todo un \u00e9xito: \u00a1realmente divertidas y educativas!<\/p>\r\n\r\n\r\n\r\n<figure class=\"wp-block-image size-large\"><img loading=\"lazy\" decoding=\"async\" width=\"1024\" height=\"697\" class=\"wp-image-9372\" src=\"https:\/\/blog.spanishcourseinspain.com\/wp-content\/uploads\/2023\/11\/Jeroen_Malaga-1024x697.jpg\" alt=\"\" srcset=\"https:\/\/blog.spanishcourseinspain.com\/wp-content\/uploads\/2023\/11\/Jeroen_Malaga-980x667.jpg 980w, https:\/\/blog.spanishcourseinspain.com\/wp-content\/uploads\/2023\/11\/Jeroen_Malaga-480x327.jpg 480w\" sizes=\"auto, (min-width: 0px) and (max-width: 480px) 480px, (min-width: 481px) and (max-width: 980px) 980px, (min-width: 981px) 1024px, 100vw\" \/><\/figure>\r\n\r\n\r\n\r\n<p class=\"has-text-align-justify wp-block-paragraph\">Despu\u00e9s de eso, ya no quer\u00eda parar. Viaj\u00e9 a <strong>Madrid<\/strong>: \u00a1qu\u00e9 ciudad tan fant\u00e1stica! Desde all\u00ed cog\u00ed un tren a Le\u00f3n (norte de Espa\u00f1a) para hacer mi primer <em>Camino<\/em>: el Camino del Salvador. Le cog\u00ed el gusto, y segu\u00ed con el Camino Primitivo a Santiago de Compostela. Incluso hice el final de todos los caminos: Finisterre. (Literalmente: fin del mundo).<\/p>\r\n\r\n\r\n\r\n<figure class=\"wp-block-image size-large is-resized\"><img loading=\"lazy\" decoding=\"async\" width=\"768\" height=\"1024\" class=\"wp-image-9414\" style=\"width: 823px; height: auto;\" src=\"https:\/\/blog.spanishcourseinspain.com\/wp-content\/uploads\/2023\/11\/Jeroen_Camino-768x1024.jpg\" alt=\"\" \/><\/figure>\r\n\r\n\r\n\r\n<p class=\"has-text-align-justify wp-block-paragraph\">Tras siete semanas en Espa\u00f1a, me fui de vuelta a \u00c1msterdam e, incluso antes de subir al avi\u00f3n, ya hab\u00eda decidido volver en septiembre para asistir a cuatro semanas de<a href=\"https:\/\/www.spanishcourseinspain.com\/es\/curso-intensivo-espanol-20-ail-madrid\"><strong> clases de espa\u00f1ol en Madrid<\/strong><\/a>!<\/p>\r\n\r\n\r\n\r\n<p class=\"has-text-align-justify wp-block-paragraph\">Mientras hac\u00eda el Camino, me puse a hablar con una persona de Madrid. Me dijo que Madrid es un <strong>sitio ideal para aprender espa\u00f1ol<\/strong> porque el acento de all\u00ed es neutro. Despu\u00e9s de mis muchos viajes por Espa\u00f1a, puedo confirmarlo.<\/p>\r\n\r\n\r\n\r\n<p class=\"has-text-align-justify wp-block-paragraph\">La verdad es que tengo algo con Madrid: cuando paseo por el magn\u00edfico Parque del Retiro o me tomo una cerveza en una terraza, me siento completamente en casa. Adem\u00e1s, Madrid ofrece mucho que hacer. Llegu\u00e9 a ver la Vuelta Ciclista de Espa\u00f1a&#8230; Un domingo acab\u00e9 en medio de una manifestaci\u00f3n entre unos 65.000 espa\u00f1oles que cantaban y agitaban banderas&#8230;<\/p>\r\n\r\n\r\n\r\n<p class=\"has-text-align-justify wp-block-paragraph\">Disfrut\u00e9 de dos <strong>excelentes escuelas de espa\u00f1ol en M\u00e1laga y Madrid<\/strong>. Ambas escuelas me parecieron de gran calidad. Las clases son muy informativas y las imparten profesores competentes. Adem\u00e1s, s\u00f3lo hablan espa\u00f1ol, por lo que te familiarizas a\u00fan m\u00e1s con la hermosa lengua espa\u00f1ola.<\/p>\r\n\r\n\r\n\r\n<p class=\"wp-block-paragraph\">En M\u00e1laga fuera de las clases de espa\u00f1ol se organizaban tambi\u00e9n unas actividades incre\u00edbles. Por ejemplo, yo hice el Caminito del Rey: una caminata impresionante a gran altura por un ca\u00f1\u00f3n. 100% recomendable!<\/p>\r\n\r\n\r\n\r\n<figure class=\"wp-block-image size-large\"><img loading=\"lazy\" decoding=\"async\" width=\"1024\" height=\"768\" class=\"wp-image-9390\" src=\"https:\/\/blog.spanishcourseinspain.com\/wp-content\/uploads\/2023\/11\/Jeroen_Caminito_del_Rey-1024x768.jpg\" alt=\"\" srcset=\"https:\/\/blog.spanishcourseinspain.com\/wp-content\/uploads\/2023\/11\/Jeroen_Caminito_del_Rey-980x735.jpg 980w, https:\/\/blog.spanishcourseinspain.com\/wp-content\/uploads\/2023\/11\/Jeroen_Caminito_del_Rey-480x360.jpg 480w\" sizes=\"auto, (min-width: 0px) and (max-width: 480px) 480px, (min-width: 481px) and (max-width: 980px) 980px, (min-width: 981px) 1024px, 100vw\" \/><\/figure>\r\n\r\n\r\n\r\n<p class=\"has-text-align-justify wp-block-paragraph\"><strong>\u00bfQu\u00e9 es lo que me gusta del estilo de vida espa\u00f1ol?<\/strong>\u00a0Mi respuesta va a ser muy breve: \u00a1todo!\ud83d\ude0d El estilo de vida espa\u00f1ol es \u00fanico: bello, sensible, especial, soleado, conectado, interesante, rico, excitante, colorido, temperamental&#8230; podr\u00eda seguir y seguir. Puedes experimentar esto especialmente si pasas periodos de tiempo m\u00e1s largos en Espa\u00f1a. No una semana en la Costa, sino viajando y sumergi\u00e9ndote en la cultura espa\u00f1ola durante m\u00e1s tiempo.<\/p>\r\n\r\n\r\n\r\n<p class=\"has-text-align-justify wp-block-paragraph\">Para mantenerme al d\u00eda con mi espa\u00f1ol en los Pa\u00edses Bajos, uso Duolingo, escucho la radio espa\u00f1ola (Cadena Dial) y veo pel\u00edculas y <strong><a href=\"https:\/\/blog.spanishcourseinspain.com\/aprendiendo-espanolseries-espanolas\/\">series en espa\u00f1ol<\/a><\/strong> como La Casa de Papel, Las Chicas del Cable, Entrivias, El Silencio De La Ciudad Blanca. Adem\u00e1s, repaso mis clases con regularidad; me doy cuenta de que necesito seguir repitiendo. Tambi\u00e9n voy a los encuentros en una cafeter\u00eda donde se habla espa\u00f1ol.<\/p>\r\n\r\n\r\n\r\n<p class=\"has-text-align-justify wp-block-paragraph\">Mi consejo para todos ser\u00eda: Nunca es demasiado tarde para aprender. Tengo 66 a\u00f1os y muchas veces estaba en clase con gente joven. Pero me fue muy bien, tuve un contacto agradable con todo el mundo. S\u00f3lo necesito un poco m\u00e1s de tiempo para aprender. \u00bfY qu\u00e9?\ud83d\ude02<\/p>\r\n\r\n\r\n\r\n<p class=\"has-text-align-justify wp-block-paragraph\"><strong>Para los que tengan dudas: \u00a1no dud\u00e9is!<\/strong> Despu\u00e9s de solicitar informaci\u00f3n en <strong>Dencanto Community<\/strong>, recib\u00ed una llamada de Linda (asesora educativa). Tuvimos una conversaci\u00f3n muy agradable y me envi\u00f3 m\u00e1s informaci\u00f3n. \u00a1Me hizo mucha ilusi\u00f3n y reserv\u00e9 enseguida! El proceso fue muy fluido y f\u00e1cil.<\/p>\r\n\r\n\r\n\r\n<p class=\"has-text-align-justify wp-block-paragraph\">Tanto en M\u00e1laga como en Madrid, t<strong>odo fue organizado\u00a0a la perfecci\u00f3n<\/strong>. Y durante mi estancia en Espa\u00f1a estuve en <strong>contacto regular<\/strong> con Linda de Dencanto Community. Lo apreci\u00e9 mucho.<\/p>\r\n\r\n\r\n\r\n<p class=\"has-text-align-justify wp-block-paragraph\">As\u00ed que definitivamente recomiendo\u00a0<strong>Dencanto Community<\/strong> si quieres aprender espa\u00f1ol en Espa\u00f1a. Fue una experiencia sumamente agradable e instructivo para m\u00ed. \u00a1Muchas gracias!<\/p>\r\n\r\n\r\n\r\n<p class=\"wp-block-paragraph\"><em>Si est\u00e1s interesado en hacer un curso de espa\u00f1ol en Espa\u00f1a, no dudes en ponerte en contacto con nosotros. Ofrecemos 14 destinos en Espa\u00f1a y diferentes programas para todos los gustos: desde cursos generales, a cursos tem\u00e1ticos como Espa\u00f1ol con Flamenco, Espa\u00f1ol para foodies o programas culturales para estudiantes adultos (50+) y mucho m\u00e1s. Rellene el formulario abajo y estaremos encantados de atenderle y crear su pr\u00f3xima experiencia de inmersi\u00f3n en Espa\u00f1a<\/em>.<\/p>\r\n\r\n\r\n\r\n<div class=\"wp-block-contact-form-7-contact-form-selector\">[contact-form-7 id=&#8221;e91089f&#8221; title=&#8221;Contacto_ES&#8221;]<\/div>\r\n\r\n[\/et_pb_text][\/et_pb_column][\/et_pb_row][\/et_pb_section]","protected":false},"excerpt":{"rendered":"<p>Hoy hablamos con Jeroen, nuestro estudiante de Pa\u00edses Bajos que ha viajado con Dencanto Community a Malaga y a Madrid para estudiar espa\u00f1ol y sumergirse en la cultura del pa\u00eds. Est\u00e1 feliz de compartir su experie&#8230;<\/p>\n","protected":false},"author":4,"featured_media":9447,"comment_status":"closed","ping_status":"open","sticky":false,"template":"","format":"standard","meta":{"_et_pb_use_builder":"","_et_pb_old_content":"<!-- wp:paragraph {\"align\":\"justify\"} -->\r\n<p class=\"has-text-align-justify\"><em>Hoy h<\/em><em>ablamos con <strong>Jeroen<\/strong>, nuestro estudiante de Pa\u00edses Bajos que ha viajado con <a href=\"http:\/\/www.spanishcourseinspain.com\/es\"><strong>Dencanto Community<\/strong><\/a> a Malaga y a Madrid para estudiar espa\u00f1ol y sumergirse en la cultura del pa\u00eds. Est\u00e1 feliz de compartir su experiencia y dar un par de consejos valiosos a los que est\u00e1n todav\u00eda dudando si es buena idea hacer un curso de espa\u00f1ol en Espa\u00f1a (Spoiler: claro que lo es!\ud83d\ude09)<\/em><\/p>\r\n<!-- \/wp:paragraph --><!-- wp:paragraph {\"align\":\"justify\"} -->\r\n<p class=\"has-text-align-justify\">Me llamo <strong>Jeroen Gerritse y vivo en Hilversum, Pa\u00edses Bajos<\/strong>. Me encanta el senderismo, sobre todo las largas distancias y las excursiones de varios d\u00edas. Adem\u00e1s de las actividades al aire libre, me encanta viajar y descubrir cosas nuevas.<\/p>\r\n<!-- \/wp:paragraph --><!-- wp:paragraph {\"align\":\"justify\"} -->\r\n<p class=\"has-text-align-justify\">Desde enero de 2023, tengo m\u00e1s tiempo libre y en mayo decid\u00ed ir a <strong>M\u00e1laga<\/strong>. En los Pa\u00edses Bajos, he estado dando clases de espa\u00f1ol durante m\u00e1s de tres a\u00f1os y quer\u00eda profundizar. En M\u00e1laga hice un curso intensivo de espa\u00f1ol durante 2 semanas. La ciudad y las <strong><a href=\"https:\/\/www.spanishcourseinspain.com\/es\/curso-espanol-intensivo-20h-enforex-malaga\">clases en la escuela de espa\u00f1ol en M\u00e1laga<\/a> <\/strong>fueron todo un \u00e9xito: \u00a1realmente divertidas y educativas!<\/p>\r\n<!-- \/wp:paragraph --><!-- wp:image {\"id\":9372,\"sizeSlug\":\"large\",\"linkDestination\":\"none\"} -->\r\n<figure class=\"wp-block-image size-large\"><img class=\"wp-image-9372\" src=\"https:\/\/blog.spanishcourseinspain.com\/wp-content\/uploads\/2023\/11\/Jeroen_Malaga-1024x697.jpg\" alt=\"\" \/><\/figure>\r\n<!-- \/wp:image --><!-- wp:paragraph {\"align\":\"justify\"} -->\r\n<p class=\"has-text-align-justify\">Despu\u00e9s de eso, ya no quer\u00eda parar. Viaj\u00e9 a <strong>Madrid<\/strong>: \u00a1qu\u00e9 ciudad tan fant\u00e1stica! Desde all\u00ed cog\u00ed un tren a Le\u00f3n (norte de Espa\u00f1a) para hacer mi primer <em>Camino<\/em>: el Camino del Salvador. Le cog\u00ed el gusto, y segu\u00ed con el Camino Primitivo a Santiago de Compostela. Incluso hice el final de todos los caminos: Finisterre. (Literalmente: fin del mundo).<\/p>\r\n<!-- \/wp:paragraph --><!-- wp:image {\"id\":9414,\"width\":\"823px\",\"height\":\"auto\",\"sizeSlug\":\"large\",\"linkDestination\":\"none\"} -->\r\n<figure class=\"wp-block-image size-large is-resized\"><img class=\"wp-image-9414\" style=\"width: 823px; height: auto;\" src=\"https:\/\/blog.spanishcourseinspain.com\/wp-content\/uploads\/2023\/11\/Jeroen_Camino-768x1024.jpg\" alt=\"\" \/><\/figure>\r\n<!-- \/wp:image --><!-- wp:paragraph {\"align\":\"justify\"} -->\r\n<p class=\"has-text-align-justify\">Tras siete semanas en Espa\u00f1a, me fui de vuelta a \u00c1msterdam e, incluso antes de subir al avi\u00f3n, ya hab\u00eda decidido volver en septiembre para asistir a cuatro semanas de<a href=\"https:\/\/www.spanishcourseinspain.com\/es\/curso-intensivo-espanol-20-ail-madrid\"><strong> clases de espa\u00f1ol en Madrid<\/strong><\/a>!<\/p>\r\n<!-- \/wp:paragraph --><!-- wp:paragraph {\"align\":\"justify\"} -->\r\n<p class=\"has-text-align-justify\">Mientras hac\u00eda el Camino, me puse a hablar con una persona de Madrid. Me dijo que Madrid es un <strong>sitio ideal para aprender espa\u00f1ol<\/strong> porque el acento de all\u00ed es neutro. Despu\u00e9s de mis muchos viajes por Espa\u00f1a, puedo confirmarlo.<\/p>\r\n<!-- \/wp:paragraph --><!-- wp:paragraph {\"align\":\"justify\"} -->\r\n<p class=\"has-text-align-justify\">La verdad es que tengo algo con Madrid: cuando paseo por el magn\u00edfico Parque del Retiro o me tomo una cerveza en una terraza, me siento completamente en casa. Adem\u00e1s, Madrid ofrece mucho que hacer. Llegu\u00e9 a ver la Vuelta Ciclista de Espa\u00f1a... Un domingo acab\u00e9 en medio de una manifestaci\u00f3n entre unos 65.000 espa\u00f1oles que cantaban y agitaban banderas...<\/p>\r\n<!-- \/wp:paragraph --><!-- wp:paragraph {\"align\":\"justify\"} -->\r\n<p class=\"has-text-align-justify\">Disfrut\u00e9 de dos <strong>excelentes escuelas de espa\u00f1ol en M\u00e1laga y Madrid<\/strong>. Ambas escuelas me parecieron de gran calidad. Las clases son muy informativas y las imparten profesores competentes. Adem\u00e1s, s\u00f3lo hablan espa\u00f1ol, por lo que te familiarizas a\u00fan m\u00e1s con la hermosa lengua espa\u00f1ola.<\/p>\r\n<!-- \/wp:paragraph --><!-- wp:paragraph -->\r\n<p>En M\u00e1laga fuera de las clases de espa\u00f1ol se organizaban tambi\u00e9n unas actividades incre\u00edbles. Por ejemplo, yo hice el Caminito del Rey: una caminata impresionante a gran altura por un ca\u00f1\u00f3n. 100% recomendable!<\/p>\r\n<!-- \/wp:paragraph --><!-- wp:image {\"id\":9390,\"sizeSlug\":\"large\",\"linkDestination\":\"none\"} -->\r\n<figure class=\"wp-block-image size-large\"><img class=\"wp-image-9390\" src=\"https:\/\/blog.spanishcourseinspain.com\/wp-content\/uploads\/2023\/11\/Jeroen_Caminito_del_Rey-1024x768.jpg\" alt=\"\" \/><\/figure>\r\n<!-- \/wp:image --><!-- wp:paragraph {\"align\":\"justify\"} -->\r\n<p class=\"has-text-align-justify\"><strong>\u00bfQu\u00e9 es lo que me gusta del estilo de vida espa\u00f1ol?<\/strong>\u00a0Mi respuesta va a ser muy breve: \u00a1todo!\ud83d\ude0d El estilo de vida espa\u00f1ol es \u00fanico: bello, sensible, especial, soleado, conectado, interesante, rico, excitante, colorido, temperamental... podr\u00eda seguir y seguir. Puedes experimentar esto especialmente si pasas periodos de tiempo m\u00e1s largos en Espa\u00f1a. No una semana en la Costa, sino viajando y sumergi\u00e9ndote en la cultura espa\u00f1ola durante m\u00e1s tiempo.<\/p>\r\n<!-- \/wp:paragraph --><!-- wp:paragraph {\"align\":\"justify\"} -->\r\n<p class=\"has-text-align-justify\">Para mantenerme al d\u00eda con mi espa\u00f1ol en los Pa\u00edses Bajos, uso Duolingo, escucho la radio espa\u00f1ola (Cadena Dial) y veo pel\u00edculas y <strong><a href=\"https:\/\/blog.spanishcourseinspain.com\/aprendiendo-espanolseries-espanolas\/\">series en espa\u00f1ol<\/a><\/strong> como La Casa de Papel, Las Chicas del Cable, Entrivias, El Silencio De La Ciudad Blanca. Adem\u00e1s, repaso mis clases con regularidad; me doy cuenta de que necesito seguir repitiendo. Tambi\u00e9n voy a los encuentros en una cafeter\u00eda donde se habla espa\u00f1ol.<\/p>\r\n<!-- \/wp:paragraph --><!-- wp:paragraph {\"align\":\"justify\"} -->\r\n<p class=\"has-text-align-justify\">Mi consejo para todos ser\u00eda: Nunca es demasiado tarde para aprender. Tengo 66 a\u00f1os y muchas veces estaba en clase con gente joven. Pero me fue muy bien, tuve un contacto agradable con todo el mundo. S\u00f3lo necesito un poco m\u00e1s de tiempo para aprender. \u00bfY qu\u00e9?\ud83d\ude02<\/p>\r\n<!-- \/wp:paragraph --><!-- wp:paragraph {\"align\":\"justify\"} -->\r\n<p class=\"has-text-align-justify\"><strong>Para los que tengan dudas: \u00a1no dud\u00e9is!<\/strong> Despu\u00e9s de solicitar informaci\u00f3n en <strong>Dencanto Community<\/strong>, recib\u00ed una llamada de Linda (asesora educativa). Tuvimos una conversaci\u00f3n muy agradable y me envi\u00f3 m\u00e1s informaci\u00f3n. \u00a1Me hizo mucha ilusi\u00f3n y reserv\u00e9 enseguida! El proceso fue muy fluido y f\u00e1cil.<\/p>\r\n<!-- \/wp:paragraph --><!-- wp:paragraph {\"align\":\"justify\"} -->\r\n<p class=\"has-text-align-justify\">Tanto en M\u00e1laga como en Madrid, t<strong>odo fue organizado\u00a0a la perfecci\u00f3n<\/strong>. Y durante mi estancia en Espa\u00f1a estuve en <strong>contacto regular<\/strong> con Linda de Dencanto Community. Lo apreci\u00e9 mucho.<\/p>\r\n<!-- \/wp:paragraph --><!-- wp:paragraph {\"align\":\"justify\"} -->\r\n<p class=\"has-text-align-justify\">As\u00ed que definitivamente recomiendo\u00a0<strong>Dencanto Community<\/strong> si quieres aprender espa\u00f1ol en Espa\u00f1a. Fue una experiencia sumamente agradable e instructivo para m\u00ed. \u00a1Muchas gracias!<\/p>\r\n<!-- \/wp:paragraph --><!-- wp:paragraph -->\r\n<p><em>Si est\u00e1s interesado en hacer un curso de espa\u00f1ol en Espa\u00f1a, no dudes en ponerte en contacto con nosotros. Ofrecemos 14 destinos en Espa\u00f1a y diferentes programas para todos los gustos: desde cursos generales, a cursos tem\u00e1ticos como Espa\u00f1ol con Flamenco, Espa\u00f1ol para foodies o programas culturales para estudiantes adultos (50+) y mucho m\u00e1s. Rellene el formulario abajo y estaremos encantados de atenderle y crear su pr\u00f3xima experiencia de inmersi\u00f3n en Espa\u00f1a<\/em>.<\/p>\r\n<!-- \/wp:paragraph --><!-- wp:contact-form-7\/contact-form-selector {\"id\":3622,\"hash\":\"e91089f\",\"title\":\"Contacto_ES\"} -->\r\n<div class=\"wp-block-contact-form-7-contact-form-selector\">[contact-form-7 id=\"e91089f\" title=\"Contacto_ES\"]<\/div>\r\n<!-- \/wp:contact-form-7\/contact-form-selector -->","_et_gb_content_width":"","_jetpack_newsletter_access":"","_jetpack_dont_email_post_to_subs":false,"_jetpack_newsletter_tier_id":0,"_jetpack_memberships_contains_paywalled_content":false,"_jetpack_memberships_contains_paid_content":false,"_joinchat":[],"footnotes":""},"categories":[32,2,1],"tags":[],"class_list":["post-17544","post","type-post","status-publish","format-standard","has-post-thumbnail","hentry","category-cultura","category-kit-estudiante","category-sin-categorizar"],"translation":{"provider":"WPGlobus","version":"3.0.5","language":"pl","enabled_languages":["es","en","it","nl","pl"],"languages":{"es":{"title":true,"content":true,"excerpt":true},"en":{"title":false,"content":false,"excerpt":false},"it":{"title":false,"content":false,"excerpt":false},"nl":{"title":false,"content":false,"excerpt":false},"pl":{"title":false,"content":false,"excerpt":false}}},"yoast_head":"<!-- This site is optimized with the Yoast SEO plugin v28.4 - https:\/\/yoast.com\/product\/yoast-seo-wordpress\/ -->\n<title>Curso de espa\u00f1ol en Espa\u00f1a: Un plan excelente para todas las edades! - Dencanto Community<\/title>\n<meta name=\"robots\" content=\"index, follow, max-snippet:-1, max-image-preview:large, max-video-preview:-1\" \/>\n<link rel=\"canonical\" href=\"https:\/\/blog.spanishcourseinspain.com\/curso-de-espanol-en-espana-un-plan-excelente-para-todas-las-edades\/\" \/>\n<meta property=\"og:locale\" content=\"pl_PL\" \/>\n<meta property=\"og:type\" content=\"article\" \/>\n<meta property=\"og:title\" content=\"Curso de espa\u00f1ol en Espa\u00f1a: Un plan excelente para todas las edades! - Dencanto Community\" \/>\n<meta property=\"og:url\" content=\"https:\/\/blog.spanishcourseinspain.com\/curso-de-espanol-en-espana-un-plan-excelente-para-todas-las-edades\/\" \/>\n<meta property=\"og:site_name\" content=\"Dencanto Community\" \/>\n<meta property=\"article:published_time\" content=\"2023-11-21T12:33:27+00:00\" \/>\n<meta property=\"article:modified_time\" content=\"2024-11-18T15:51:38+00:00\" \/>\n<meta property=\"og:image\" content=\"https:\/\/blog.spanishcourseinspain.com\/wp-content\/uploads\/2023\/11\/Jeroen_Espana.jpg\" \/>\n\t<meta property=\"og:image:width\" content=\"720\" \/>\n\t<meta property=\"og:image:height\" content=\"540\" \/>\n\t<meta property=\"og:image:type\" content=\"image\/jpeg\" \/>\n<meta name=\"author\" content=\"Maria\" \/>\n<meta name=\"twitter:label1\" content=\"Napisane przez\" \/>\n\t<meta name=\"twitter:data1\" content=\"Maria\" \/>\n\t<meta name=\"twitter:label2\" content=\"Szacowany czas czytania\" \/>\n\t<meta name=\"twitter:data2\" content=\"5 minut\" \/>\n<script type=\"application\/ld+json\" class=\"yoast-schema-graph\">{\"@context\":\"https:\\\/\\\/schema.org\",\"@graph\":[{\"@type\":\"Article\",\"@id\":\"https:\\\/\\\/blog.spanishcourseinspain.com\\\/curso-de-espanol-en-espana-un-plan-excelente-para-todas-las-edades\\\/#article\",\"isPartOf\":{\"@id\":\"https:\\\/\\\/blog.spanishcourseinspain.com\\\/curso-de-espanol-en-espana-un-plan-excelente-para-todas-las-edades\\\/\"},\"author\":{\"name\":\"Maria\",\"@id\":\"https:\\\/\\\/blog.spanishcourseinspain.com\\\/#\\\/schema\\\/person\\\/935f9289bfa581c494489038fe756ccb\"},\"headline\":\"Curso de espa\u00f1ol en Espa\u00f1a: Un plan excelente para todas las edades!\",\"datePublished\":\"2023-11-21T12:33:27+00:00\",\"dateModified\":\"2024-11-18T15:51:38+00:00\",\"mainEntityOfPage\":{\"@id\":\"https:\\\/\\\/blog.spanishcourseinspain.com\\\/curso-de-espanol-en-espana-un-plan-excelente-para-todas-las-edades\\\/\"},\"wordCount\":933,\"publisher\":{\"@id\":\"https:\\\/\\\/blog.spanishcourseinspain.com\\\/#organization\"},\"image\":{\"@id\":\"https:\\\/\\\/blog.spanishcourseinspain.com\\\/curso-de-espanol-en-espana-un-plan-excelente-para-todas-las-edades\\\/#primaryimage\"},\"thumbnailUrl\":\"https:\\\/\\\/blog.spanishcourseinspain.com\\\/wp-content\\\/uploads\\\/2023\\\/11\\\/Jeroen_Espana.jpg\",\"articleSection\":[\"Cultura y Costumbres\",\"Recursos y Aprende Espa\u00f1ol\",\"Sin categorizar\"],\"inLanguage\":\"pl-PL\"},{\"@type\":\"WebPage\",\"@id\":\"https:\\\/\\\/blog.spanishcourseinspain.com\\\/curso-de-espanol-en-espana-un-plan-excelente-para-todas-las-edades\\\/\",\"url\":\"https:\\\/\\\/blog.spanishcourseinspain.com\\\/curso-de-espanol-en-espana-un-plan-excelente-para-todas-las-edades\\\/\",\"name\":\"Curso de espa\u00f1ol en Espa\u00f1a: Un plan excelente para todas las edades! - Dencanto Community\",\"isPartOf\":{\"@id\":\"https:\\\/\\\/blog.spanishcourseinspain.com\\\/#website\"},\"primaryImageOfPage\":{\"@id\":\"https:\\\/\\\/blog.spanishcourseinspain.com\\\/curso-de-espanol-en-espana-un-plan-excelente-para-todas-las-edades\\\/#primaryimage\"},\"image\":{\"@id\":\"https:\\\/\\\/blog.spanishcourseinspain.com\\\/curso-de-espanol-en-espana-un-plan-excelente-para-todas-las-edades\\\/#primaryimage\"},\"thumbnailUrl\":\"https:\\\/\\\/blog.spanishcourseinspain.com\\\/wp-content\\\/uploads\\\/2023\\\/11\\\/Jeroen_Espana.jpg\",\"datePublished\":\"2023-11-21T12:33:27+00:00\",\"dateModified\":\"2024-11-18T15:51:38+00:00\",\"description\":\"Jeroen, nuestro estudiante de los Pa\u00edses Bajos, comparte su experiencia con quienes est\u00e9n pensando en hacer un curso de espa\u00f1ol en Espa\u00f1a.\",\"breadcrumb\":{\"@id\":\"https:\\\/\\\/blog.spanishcourseinspain.com\\\/curso-de-espanol-en-espana-un-plan-excelente-para-todas-las-edades\\\/#breadcrumb\"},\"inLanguage\":\"pl-PL\",\"potentialAction\":[{\"@type\":\"ReadAction\",\"target\":[\"https:\\\/\\\/blog.spanishcourseinspain.com\\\/curso-de-espanol-en-espana-un-plan-excelente-para-todas-las-edades\\\/\"]}]},{\"@type\":\"ImageObject\",\"inLanguage\":\"pl-PL\",\"@id\":\"https:\\\/\\\/blog.spanishcourseinspain.com\\\/curso-de-espanol-en-espana-un-plan-excelente-para-todas-las-edades\\\/#primaryimage\",\"url\":\"https:\\\/\\\/blog.spanishcourseinspain.com\\\/wp-content\\\/uploads\\\/2023\\\/11\\\/Jeroen_Espana.jpg\",\"contentUrl\":\"https:\\\/\\\/blog.spanishcourseinspain.com\\\/wp-content\\\/uploads\\\/2023\\\/11\\\/Jeroen_Espana.jpg\",\"width\":720,\"height\":540},{\"@type\":\"BreadcrumbList\",\"@id\":\"https:\\\/\\\/blog.spanishcourseinspain.com\\\/curso-de-espanol-en-espana-un-plan-excelente-para-todas-las-edades\\\/#breadcrumb\",\"itemListElement\":[{\"@type\":\"ListItem\",\"position\":1,\"name\":\"Portada\",\"item\":\"https:\\\/\\\/blog.spanishcourseinspain.com\\\/es\\\/mesa-redonda-ele-2-2\\\/\"},{\"@type\":\"ListItem\",\"position\":2,\"name\":\"Curso de espa\u00f1ol en Espa\u00f1a: Un plan excelente para todas las edades!\"}]},{\"@type\":\"WebSite\",\"@id\":\"https:\\\/\\\/blog.spanishcourseinspain.com\\\/#website\",\"url\":\"https:\\\/\\\/blog.spanishcourseinspain.com\\\/\",\"name\":\"Dencanto Community\",\"description\":\"Lo mejor contenido sobre espa\u00f1ol y Espa\u00f1a en el Blog de Dencanto Community\",\"publisher\":{\"@id\":\"https:\\\/\\\/blog.spanishcourseinspain.com\\\/#organization\"},\"potentialAction\":[{\"@type\":\"SearchAction\",\"target\":{\"@type\":\"EntryPoint\",\"urlTemplate\":\"https:\\\/\\\/blog.spanishcourseinspain.com\\\/?s={search_term_string}\"},\"query-input\":{\"@type\":\"PropertyValueSpecification\",\"valueRequired\":true,\"valueName\":\"search_term_string\"}}],\"inLanguage\":\"pl-PL\"},{\"@type\":\"Organization\",\"@id\":\"https:\\\/\\\/blog.spanishcourseinspain.com\\\/#organization\",\"name\":\"Dencanto Community\",\"url\":\"https:\\\/\\\/blog.spanishcourseinspain.com\\\/\",\"logo\":{\"@type\":\"ImageObject\",\"inLanguage\":\"pl-PL\",\"@id\":\"https:\\\/\\\/blog.spanishcourseinspain.com\\\/#\\\/schema\\\/logo\\\/image\\\/\",\"url\":\"https:\\\/\\\/blog.spanishcourseinspain.com\\\/wp-content\\\/uploads\\\/2023\\\/11\\\/dencanto-logo.png\",\"contentUrl\":\"https:\\\/\\\/blog.spanishcourseinspain.com\\\/wp-content\\\/uploads\\\/2023\\\/11\\\/dencanto-logo.png\",\"width\":780,\"height\":528,\"caption\":\"Dencanto Community\"},\"image\":{\"@id\":\"https:\\\/\\\/blog.spanishcourseinspain.com\\\/#\\\/schema\\\/logo\\\/image\\\/\"}},{\"@type\":\"Person\",\"@id\":\"https:\\\/\\\/blog.spanishcourseinspain.com\\\/#\\\/schema\\\/person\\\/935f9289bfa581c494489038fe756ccb\",\"name\":\"Maria\",\"image\":{\"@type\":\"ImageObject\",\"inLanguage\":\"pl-PL\",\"@id\":\"https:\\\/\\\/secure.gravatar.com\\\/avatar\\\/d52aa2a3a8be1a52d9e35ec4027304e9dfcd774f47b895b79c255da24fb18b7a?s=96&d=mm&r=g\",\"url\":\"https:\\\/\\\/secure.gravatar.com\\\/avatar\\\/d52aa2a3a8be1a52d9e35ec4027304e9dfcd774f47b895b79c255da24fb18b7a?s=96&d=mm&r=g\",\"contentUrl\":\"https:\\\/\\\/secure.gravatar.com\\\/avatar\\\/d52aa2a3a8be1a52d9e35ec4027304e9dfcd774f47b895b79c255da24fb18b7a?s=96&d=mm&r=g\",\"caption\":\"Maria\"},\"url\":\"https:\\\/\\\/blog.spanishcourseinspain.com\\\/pl\\\/author\\\/maria\\\/\"}]}<\/script>\n<!-- \/ Yoast SEO plugin. -->","yoast_head_json":{"title":"Curso de espa\u00f1ol en Espa\u00f1a: Un plan excelente para todas las edades! - Dencanto Community","robots":{"index":"index","follow":"follow","max-snippet":"max-snippet:-1","max-image-preview":"max-image-preview:large","max-video-preview":"max-video-preview:-1"},"canonical":"https:\/\/blog.spanishcourseinspain.com\/curso-de-espanol-en-espana-un-plan-excelente-para-todas-las-edades\/","og_locale":"pl_PL","og_type":"article","og_title":"Curso de espa\u00f1ol en Espa\u00f1a: Un plan excelente para todas las edades! - Dencanto Community","og_url":"https:\/\/blog.spanishcourseinspain.com\/curso-de-espanol-en-espana-un-plan-excelente-para-todas-las-edades\/","og_site_name":"Dencanto Community","article_published_time":"2023-11-21T12:33:27+00:00","article_modified_time":"2024-11-18T15:51:38+00:00","og_image":[{"width":720,"height":540,"url":"https:\/\/blog.spanishcourseinspain.com\/wp-content\/uploads\/2023\/11\/Jeroen_Espana.jpg","type":"image\/jpeg"}],"author":"Maria","twitter_misc":{"Napisane przez":"Maria","Szacowany czas czytania":"5 minut"},"schema":{"@context":"https:\/\/schema.org","@graph":[{"@type":"Article","@id":"https:\/\/blog.spanishcourseinspain.com\/curso-de-espanol-en-espana-un-plan-excelente-para-todas-las-edades\/#article","isPartOf":{"@id":"https:\/\/blog.spanishcourseinspain.com\/curso-de-espanol-en-espana-un-plan-excelente-para-todas-las-edades\/"},"author":{"name":"Maria","@id":"https:\/\/blog.spanishcourseinspain.com\/#\/schema\/person\/935f9289bfa581c494489038fe756ccb"},"headline":"Curso de espa\u00f1ol en Espa\u00f1a: Un plan excelente para todas las edades!","datePublished":"2023-11-21T12:33:27+00:00","dateModified":"2024-11-18T15:51:38+00:00","mainEntityOfPage":{"@id":"https:\/\/blog.spanishcourseinspain.com\/curso-de-espanol-en-espana-un-plan-excelente-para-todas-las-edades\/"},"wordCount":933,"publisher":{"@id":"https:\/\/blog.spanishcourseinspain.com\/#organization"},"image":{"@id":"https:\/\/blog.spanishcourseinspain.com\/curso-de-espanol-en-espana-un-plan-excelente-para-todas-las-edades\/#primaryimage"},"thumbnailUrl":"https:\/\/blog.spanishcourseinspain.com\/wp-content\/uploads\/2023\/11\/Jeroen_Espana.jpg","articleSection":["Cultura y Costumbres","Recursos y Aprende Espa\u00f1ol","Sin categorizar"],"inLanguage":"pl-PL"},{"@type":"WebPage","@id":"https:\/\/blog.spanishcourseinspain.com\/curso-de-espanol-en-espana-un-plan-excelente-para-todas-las-edades\/","url":"https:\/\/blog.spanishcourseinspain.com\/curso-de-espanol-en-espana-un-plan-excelente-para-todas-las-edades\/","name":"Curso de espa\u00f1ol en Espa\u00f1a: Un plan excelente para todas las edades! - Dencanto Community","isPartOf":{"@id":"https:\/\/blog.spanishcourseinspain.com\/#website"},"primaryImageOfPage":{"@id":"https:\/\/blog.spanishcourseinspain.com\/curso-de-espanol-en-espana-un-plan-excelente-para-todas-las-edades\/#primaryimage"},"image":{"@id":"https:\/\/blog.spanishcourseinspain.com\/curso-de-espanol-en-espana-un-plan-excelente-para-todas-las-edades\/#primaryimage"},"thumbnailUrl":"https:\/\/blog.spanishcourseinspain.com\/wp-content\/uploads\/2023\/11\/Jeroen_Espana.jpg","datePublished":"2023-11-21T12:33:27+00:00","dateModified":"2024-11-18T15:51:38+00:00","description":"Jeroen, nuestro estudiante de los Pa\u00edses Bajos, comparte su experiencia con quienes est\u00e9n pensando en hacer un curso de espa\u00f1ol en Espa\u00f1a.","breadcrumb":{"@id":"https:\/\/blog.spanishcourseinspain.com\/curso-de-espanol-en-espana-un-plan-excelente-para-todas-las-edades\/#breadcrumb"},"inLanguage":"pl-PL","potentialAction":[{"@type":"ReadAction","target":["https:\/\/blog.spanishcourseinspain.com\/curso-de-espanol-en-espana-un-plan-excelente-para-todas-las-edades\/"]}]},{"@type":"ImageObject","inLanguage":"pl-PL","@id":"https:\/\/blog.spanishcourseinspain.com\/curso-de-espanol-en-espana-un-plan-excelente-para-todas-las-edades\/#primaryimage","url":"https:\/\/blog.spanishcourseinspain.com\/wp-content\/uploads\/2023\/11\/Jeroen_Espana.jpg","contentUrl":"https:\/\/blog.spanishcourseinspain.com\/wp-content\/uploads\/2023\/11\/Jeroen_Espana.jpg","width":720,"height":540},{"@type":"BreadcrumbList","@id":"https:\/\/blog.spanishcourseinspain.com\/curso-de-espanol-en-espana-un-plan-excelente-para-todas-las-edades\/#breadcrumb","itemListElement":[{"@type":"ListItem","position":1,"name":"Portada","item":"https:\/\/blog.spanishcourseinspain.com\/es\/mesa-redonda-ele-2-2\/"},{"@type":"ListItem","position":2,"name":"Curso de espa\u00f1ol en Espa\u00f1a: Un plan excelente para todas las edades!"}]},{"@type":"WebSite","@id":"https:\/\/blog.spanishcourseinspain.com\/#website","url":"https:\/\/blog.spanishcourseinspain.com\/","name":"Dencanto Community","description":"Lo mejor contenido sobre espa\u00f1ol y Espa\u00f1a en el Blog de Dencanto Community","publisher":{"@id":"https:\/\/blog.spanishcourseinspain.com\/#organization"},"potentialAction":[{"@type":"SearchAction","target":{"@type":"EntryPoint","urlTemplate":"https:\/\/blog.spanishcourseinspain.com\/?s={search_term_string}"},"query-input":{"@type":"PropertyValueSpecification","valueRequired":true,"valueName":"search_term_string"}}],"inLanguage":"pl-PL"},{"@type":"Organization","@id":"https:\/\/blog.spanishcourseinspain.com\/#organization","name":"Dencanto Community","url":"https:\/\/blog.spanishcourseinspain.com\/","logo":{"@type":"ImageObject","inLanguage":"pl-PL","@id":"https:\/\/blog.spanishcourseinspain.com\/#\/schema\/logo\/image\/","url":"https:\/\/blog.spanishcourseinspain.com\/wp-content\/uploads\/2023\/11\/dencanto-logo.png","contentUrl":"https:\/\/blog.spanishcourseinspain.com\/wp-content\/uploads\/2023\/11\/dencanto-logo.png","width":780,"height":528,"caption":"Dencanto Community"},"image":{"@id":"https:\/\/blog.spanishcourseinspain.com\/#\/schema\/logo\/image\/"}},{"@type":"Person","@id":"https:\/\/blog.spanishcourseinspain.com\/#\/schema\/person\/935f9289bfa581c494489038fe756ccb","name":"Maria","image":{"@type":"ImageObject","inLanguage":"pl-PL","@id":"https:\/\/secure.gravatar.com\/avatar\/d52aa2a3a8be1a52d9e35ec4027304e9dfcd774f47b895b79c255da24fb18b7a?s=96&d=mm&r=g","url":"https:\/\/secure.gravatar.com\/avatar\/d52aa2a3a8be1a52d9e35ec4027304e9dfcd774f47b895b79c255da24fb18b7a?s=96&d=mm&r=g","contentUrl":"https:\/\/secure.gravatar.com\/avatar\/d52aa2a3a8be1a52d9e35ec4027304e9dfcd774f47b895b79c255da24fb18b7a?s=96&d=mm&r=g","caption":"Maria"},"url":"https:\/\/blog.spanishcourseinspain.com\/pl\/author\/maria\/"}]}},"jetpack_sharing_enabled":true,"jetpack_featured_media_url":"https:\/\/blog.spanishcourseinspain.com\/wp-content\/uploads\/2023\/11\/Jeroen_Espana.jpg","_links":{"self":[{"href":"https:\/\/blog.spanishcourseinspain.com\/pl\/wp-json\/wp\/v2\/posts\/17544","targetHints":{"allow":["GET"]}}],"collection":[{"href":"https:\/\/blog.spanishcourseinspain.com\/pl\/wp-json\/wp\/v2\/posts"}],"about":[{"href":"https:\/\/blog.spanishcourseinspain.com\/pl\/wp-json\/wp\/v2\/types\/post"}],"author":[{"embeddable":true,"href":"https:\/\/blog.spanishcourseinspain.com\/pl\/wp-json\/wp\/v2\/users\/4"}],"replies":[{"embeddable":true,"href":"https:\/\/blog.spanishcourseinspain.com\/pl\/wp-json\/wp\/v2\/comments?post=17544"}],"version-history":[{"count":7,"href":"https:\/\/blog.spanishcourseinspain.com\/pl\/wp-json\/wp\/v2\/posts\/17544\/revisions"}],"predecessor-version":[{"id":18015,"href":"https:\/\/blog.spanishcourseinspain.com\/pl\/wp-json\/wp\/v2\/posts\/17544\/revisions\/18015"}],"wp:featuredmedia":[{"embeddable":true,"href":"https:\/\/blog.spanishcourseinspain.com\/pl\/wp-json\/wp\/v2\/media\/9447"}],"wp:attachment":[{"href":"https:\/\/blog.spanishcourseinspain.com\/pl\/wp-json\/wp\/v2\/media?parent=17544"}],"wp:term":[{"taxonomy":"category","embeddable":true,"href":"https:\/\/blog.spanishcourseinspain.com\/pl\/wp-json\/wp\/v2\/categories?post=17544"},{"taxonomy":"post_tag","embeddable":true,"href":"https:\/\/blog.spanishcourseinspain.com\/pl\/wp-json\/wp\/v2\/tags?post=17544"}],"curies":[{"name":"wp","href":"https:\/\/api.w.org\/{rel}","templated":true}]}}