{"id":19859,"date":"2025-06-01T16:20:49","date_gmt":"2025-06-01T14:20:49","guid":{"rendered":"https:\/\/blog.spanishcourseinspain.com\/?p=19859"},"modified":"2025-08-22T13:12:34","modified_gmt":"2025-08-22T11:12:34","slug":"estudia-en-espana-este-verano-2025","status":"publish","type":"post","link":"https:\/\/blog.spanishcourseinspain.com\/pl\/estudia-en-espana-este-verano-2025\/","title":{"rendered":"Estudia en Espa\u00f1a este Verano 2025"},"content":{"rendered":"<p>\u00bfBuscas una aventura definitiva para aprender idiomas? \u00a1Espa\u00f1a te espera! Nuestras <strong>clases de espa\u00f1ol de verano<\/strong> ofrecen una combinaci\u00f3n \u00fanica de inmersi\u00f3n ling\u00fc\u00edstica, exploraci\u00f3n cultural y recuerdos inolvidables. Tanto si eres principiante como si ya tienes experiencia, el verano 2025 es tu oportunidad de aprender espa\u00f1ol mientras disfrutas de la vida espa\u00f1ola.<\/p>\n<h2>\u00bfPor Qu\u00e9 Elegir Clases de Espa\u00f1ol de Verano en Espa\u00f1a?<\/h2>\n<p>Espa\u00f1a es uno de los mejores destinos para aprender espa\u00f1ol, no solo por ser la cuna del idioma, sino porque ofrece una inmersi\u00f3n total. Aqu\u00ed tienes algunos de los principales <strong>beneficios de aprender espa\u00f1ol en Espa\u00f1a<\/strong>:<\/p>\n<ul data-spread=\"false\">\n<li>Profesores nativos y conversaciones reales todos los d\u00edas.<\/li>\n<li>Ricas experiencias culturales: flamenco, tapas, festivales locales.<\/li>\n<li>Diversidad de ciudades y programas para adaptarse a tu estilo.<\/li>\n<li>Oportunidad de conocer a estudiantes internacionales de todo el mundo.<\/li>\n<\/ul>\n<p>Elegir <strong>cursos inmersivos de espa\u00f1ol<\/strong> significa salir del aula y aprender de forma natural y r\u00e1pida en la vida diaria.<\/p>\n<h2>Consejos para Prepararte para una Clase de Espa\u00f1ol de Verano<\/h2>\n<p>Antes de hacer las maletas, revisa estos \u00fatiles <strong>consejos para clases de espa\u00f1ol de verano<\/strong> y aprovecha al m\u00e1ximo tu experiencia:<\/p>\n<h3>Qu\u00e9 Llevar<\/h3>\n<ul data-spread=\"false\">\n<li>Ropa ligera y transpirable<\/li>\n<li>Diccionario peque\u00f1o o app de idiomas<\/li>\n<li>Cuaderno y bol\u00edgrafos para las clases<\/li>\n<li>Protecci\u00f3n solar (sombrero, gafas de sol, protector solar)<\/li>\n<\/ul>\n<h3>Preparaci\u00f3n Antes de Llegar<\/h3>\n<ul data-spread=\"false\">\n<li>Practica frases b\u00e1sicas en espa\u00f1ol<\/li>\n<li>Familiar\u00edzate con las costumbres espa\u00f1olas<\/li>\n<li>Revisa tu nivel actual de espa\u00f1ol<\/li>\n<li>Consulta si tu programa requiere prueba de nivel<\/li>\n<\/ul>\n<h3>\u00bfViajas Solo?<\/h3>\n<ul data-spread=\"false\">\n<li>Investiga sobre la ciudad de destino<\/li>\n<li>\u00danete a grupos online de otros participantes<\/li>\n<li>Comparte tu itinerario con familiares o amigos<\/li>\n<\/ul>\n<h2>Mejores Clases de Espa\u00f1ol de Verano en Espa\u00f1a 2025<\/h2>\n<p>Descubre nuestras <strong>clases de espa\u00f1ol de verano<\/strong> m\u00e1s populares en Espa\u00f1a para 2025:<\/p>\n<h3><a href=\"https:\/\/spanishcourseinspain.com\/es\/programa-primavera-jovenes-maravillas\/\">Programa de Verano en Benalm\u00e1dena<\/a><\/h3>\n<p>Aprende espa\u00f1ol en una vibrante ciudad costera con rica cultura andaluza. Ideal para edades de 13 a 17 a\u00f1os. Incluye playa, excursiones culturales y clases en grupos reducidos.<\/p>\n<h3><a href=\"https:\/\/www.spanishcourseinspain.com\/es\/programa-verano-jovenes-enforex-malaga\/\">Programa de verano para j\u00f3venes M\u00e1laga<\/a><\/h3>\n<p>El\u00a0<strong>Programa de verano para J\u00f3venes<\/strong> <strong>en M\u00e1laga,<\/strong> tiene\u00a0todo incluido\u00a0(curso + alojamiento), y\u00a0supervisi\u00f3n\u00a0durante las clases y las actividades culturales.\u00a0El programa est\u00e1 destinado a los estudiantes de 14 a 18 a\u00f1os.<\/p>\n<h3><a href=\"https:\/\/www.spanishcourseinspain.com\/es\/programa-verano-jovenes-famila-espanole-ih-valencia\/\">Programa de verano para j\u00f3venes Valencia<\/a><\/h3>\n<p>El\u00a0<strong>Programa de verano para J\u00f3venes en familia de Espa\u00f1ol\u00e9 IH en Valencia <\/strong>est\u00e1 enfocado para que el estudiante pueda combinar\u00a0las lecciones de espa\u00f1ol con actividades culturales y recreativas.\u00a0El programa est\u00e1 destinado a los estudiantes entre 13 y 19 a\u00f1os de edad.<\/p>\n<h2>Reserva Tu Clase de Espa\u00f1ol de Verano 2025 con Dencanto<\/h2>\n<p>\u00bfListo para <strong>reservar tu clase de espa\u00f1ol de verano<\/strong>? Con Dencanto es f\u00e1cil y sin preocupaciones:<\/p>\n<ul data-spread=\"false\">\n<li>\u2705\u00daltimas plazas: \u00a1asegura la tuya cuanto antes!<\/li>\n<li>\u2705 Asesoramiento gratuito para elegir el mejor curso<\/li>\n<li>\u2705 Soporte continuo antes, durante y despu\u00e9s de tu estancia<\/li>\n<\/ul>\n<p>No pierdas la oportunidad de convertir tu verano 2025 en una experiencia que cambiar\u00e1 tu vida. <strong>\u00a1Reserva hoy tu clase de espa\u00f1ol de verano con Dencanto!<\/strong><\/p>\n","protected":false},"excerpt":{"rendered":"<p>\u00bfBuscas una aventura definitiva para aprender idiomas? \u00a1Espa\u00f1a te espera! Nuestras clases de espa\u00f1ol de verano ofrecen una combinaci\u00f3n \u00fanica de inmersi\u00f3n ling\u00fc\u00edstica, exploraci\u00f3n cultural y recuerdos inolvidables. Tanto si eres principiante como si ya tienes experiencia, el verano 2025 es tu oportunidad de aprender espa\u00f1ol mientras disfrutas de la vida espa\u00f1ola. \u00bfPor Qu\u00e9 Elegir [&hellip;]<\/p>\n","protected":false},"author":25,"featured_media":19883,"comment_status":"closed","ping_status":"open","sticky":false,"template":"","format":"standard","meta":{"_et_pb_use_builder":"","_et_pb_old_content":"","_et_gb_content_width":"","_jetpack_newsletter_access":"","_jetpack_dont_email_post_to_subs":false,"_jetpack_newsletter_tier_id":0,"_jetpack_memberships_contains_paywalled_content":false,"_jetpack_memberships_contains_paid_content":false,"_joinchat":[],"footnotes":""},"categories":[1],"tags":[],"class_list":["post-19859","post","type-post","status-publish","format-standard","has-post-thumbnail","hentry","category-sin-categorizar"],"translation":{"provider":"WPGlobus","version":"3.0.5","language":"pl","enabled_languages":["es","en","it","nl","pl"],"languages":{"es":{"title":true,"content":true,"excerpt":false},"en":{"title":false,"content":false,"excerpt":false},"it":{"title":false,"content":false,"excerpt":false},"nl":{"title":false,"content":false,"excerpt":false},"pl":{"title":false,"content":false,"excerpt":false}}},"yoast_head":"<!-- This site is optimized with the Yoast SEO plugin v28.4 - https:\/\/yoast.com\/product\/yoast-seo-wordpress\/ -->\n<title>Estudia en Espa\u00f1a este Verano 2025 - Dencanto Community<\/title>\n<meta name=\"robots\" content=\"index, follow, max-snippet:-1, max-image-preview:large, max-video-preview:-1\" \/>\n<link rel=\"canonical\" href=\"https:\/\/blog.spanishcourseinspain.com\/estudia-en-espana-este-verano-2025\/\" \/>\n<meta property=\"og:locale\" content=\"pl_PL\" \/>\n<meta property=\"og:type\" content=\"article\" \/>\n<meta property=\"og:title\" content=\"Estudia en Espa\u00f1a este Verano 2025 - Dencanto Community\" \/>\n<meta property=\"og:url\" content=\"https:\/\/blog.spanishcourseinspain.com\/estudia-en-espana-este-verano-2025\/\" \/>\n<meta property=\"og:site_name\" content=\"Dencanto Community\" \/>\n<meta property=\"article:published_time\" content=\"2025-06-01T14:20:49+00:00\" \/>\n<meta property=\"article:modified_time\" content=\"2025-08-22T11:12:34+00:00\" \/>\n<meta property=\"og:image\" content=\"https:\/\/blog.spanishcourseinspain.com\/wp-content\/uploads\/2025\/06\/estudiantes-alegres-con-libros-de-texto-y-portatil-moderno-scaled.jpg\" \/>\n\t<meta property=\"og:image:width\" content=\"2560\" \/>\n\t<meta property=\"og:image:height\" content=\"1707\" \/>\n\t<meta property=\"og:image:type\" content=\"image\/jpeg\" \/>\n<meta name=\"author\" content=\"Marketing Dencanto\" \/>\n<meta name=\"twitter:label1\" content=\"Napisane przez\" \/>\n\t<meta name=\"twitter:data1\" content=\"Marketing Dencanto\" \/>\n\t<meta name=\"twitter:label2\" content=\"Szacowany czas czytania\" \/>\n\t<meta name=\"twitter:data2\" content=\"3 minuty\" \/>\n<script type=\"application\/ld+json\" class=\"yoast-schema-graph\">{\"@context\":\"https:\\\/\\\/schema.org\",\"@graph\":[{\"@type\":\"Article\",\"@id\":\"https:\\\/\\\/blog.spanishcourseinspain.com\\\/estudia-en-espana-este-verano-2025\\\/#article\",\"isPartOf\":{\"@id\":\"https:\\\/\\\/blog.spanishcourseinspain.com\\\/estudia-en-espana-este-verano-2025\\\/\"},\"author\":{\"name\":\"Marketing Dencanto\",\"@id\":\"https:\\\/\\\/blog.spanishcourseinspain.com\\\/#\\\/schema\\\/person\\\/986e9d2d24f98f21009ea3057584ed10\"},\"headline\":\"Estudia en Espa\u00f1a este Verano 2025\",\"datePublished\":\"2025-06-01T14:20:49+00:00\",\"dateModified\":\"2025-08-22T11:12:34+00:00\",\"mainEntityOfPage\":{\"@id\":\"https:\\\/\\\/blog.spanishcourseinspain.com\\\/estudia-en-espana-este-verano-2025\\\/\"},\"wordCount\":529,\"publisher\":{\"@id\":\"https:\\\/\\\/blog.spanishcourseinspain.com\\\/#organization\"},\"image\":{\"@id\":\"https:\\\/\\\/blog.spanishcourseinspain.com\\\/estudia-en-espana-este-verano-2025\\\/#primaryimage\"},\"thumbnailUrl\":\"https:\\\/\\\/blog.spanishcourseinspain.com\\\/wp-content\\\/uploads\\\/2025\\\/06\\\/estudiantes-alegres-con-libros-de-texto-y-portatil-moderno-scaled.jpg\",\"articleSection\":[\"Sin categorizar\"],\"inLanguage\":\"pl-PL\"},{\"@type\":\"WebPage\",\"@id\":\"https:\\\/\\\/blog.spanishcourseinspain.com\\\/estudia-en-espana-este-verano-2025\\\/\",\"url\":\"https:\\\/\\\/blog.spanishcourseinspain.com\\\/estudia-en-espana-este-verano-2025\\\/\",\"name\":\"Estudia en Espa\u00f1a este Verano 2025 - Dencanto Community\",\"isPartOf\":{\"@id\":\"https:\\\/\\\/blog.spanishcourseinspain.com\\\/#website\"},\"primaryImageOfPage\":{\"@id\":\"https:\\\/\\\/blog.spanishcourseinspain.com\\\/estudia-en-espana-este-verano-2025\\\/#primaryimage\"},\"image\":{\"@id\":\"https:\\\/\\\/blog.spanishcourseinspain.com\\\/estudia-en-espana-este-verano-2025\\\/#primaryimage\"},\"thumbnailUrl\":\"https:\\\/\\\/blog.spanishcourseinspain.com\\\/wp-content\\\/uploads\\\/2025\\\/06\\\/estudiantes-alegres-con-libros-de-texto-y-portatil-moderno-scaled.jpg\",\"datePublished\":\"2025-06-01T14:20:49+00:00\",\"dateModified\":\"2025-08-22T11:12:34+00:00\",\"description\":\"\\\"Estudia en Espa\u00f1a este verano 2025 y vive una experiencia \u00fanica de inmersi\u00f3n cultural y ling\u00fc\u00edstica. Aprende espa\u00f1ol mientras disfrutas de la vida, la cultura y el sol en ciudades incre\u00edbles. \u00a1Reserva ya tu plaza!\",\"breadcrumb\":{\"@id\":\"https:\\\/\\\/blog.spanishcourseinspain.com\\\/estudia-en-espana-este-verano-2025\\\/#breadcrumb\"},\"inLanguage\":\"pl-PL\",\"potentialAction\":[{\"@type\":\"ReadAction\",\"target\":[\"https:\\\/\\\/blog.spanishcourseinspain.com\\\/estudia-en-espana-este-verano-2025\\\/\"]}]},{\"@type\":\"ImageObject\",\"inLanguage\":\"pl-PL\",\"@id\":\"https:\\\/\\\/blog.spanishcourseinspain.com\\\/estudia-en-espana-este-verano-2025\\\/#primaryimage\",\"url\":\"https:\\\/\\\/blog.spanishcourseinspain.com\\\/wp-content\\\/uploads\\\/2025\\\/06\\\/estudiantes-alegres-con-libros-de-texto-y-portatil-moderno-scaled.jpg\",\"contentUrl\":\"https:\\\/\\\/blog.spanishcourseinspain.com\\\/wp-content\\\/uploads\\\/2025\\\/06\\\/estudiantes-alegres-con-libros-de-texto-y-portatil-moderno-scaled.jpg\",\"width\":2560,\"height\":1707,\"caption\":\"Estudiante- verano-espa\u00f1a\"},{\"@type\":\"BreadcrumbList\",\"@id\":\"https:\\\/\\\/blog.spanishcourseinspain.com\\\/estudia-en-espana-este-verano-2025\\\/#breadcrumb\",\"itemListElement\":[{\"@type\":\"ListItem\",\"position\":1,\"name\":\"Portada\",\"item\":\"https:\\\/\\\/blog.spanishcourseinspain.com\\\/es\\\/mesa-redonda-ele-2-2\\\/\"},{\"@type\":\"ListItem\",\"position\":2,\"name\":\"Estudia en Espa\u00f1a este Verano 2025\"}]},{\"@type\":\"WebSite\",\"@id\":\"https:\\\/\\\/blog.spanishcourseinspain.com\\\/#website\",\"url\":\"https:\\\/\\\/blog.spanishcourseinspain.com\\\/\",\"name\":\"Dencanto Community\",\"description\":\"Lo mejor contenido sobre espa\u00f1ol y Espa\u00f1a en el Blog de Dencanto Community\",\"publisher\":{\"@id\":\"https:\\\/\\\/blog.spanishcourseinspain.com\\\/#organization\"},\"potentialAction\":[{\"@type\":\"SearchAction\",\"target\":{\"@type\":\"EntryPoint\",\"urlTemplate\":\"https:\\\/\\\/blog.spanishcourseinspain.com\\\/?s={search_term_string}\"},\"query-input\":{\"@type\":\"PropertyValueSpecification\",\"valueRequired\":true,\"valueName\":\"search_term_string\"}}],\"inLanguage\":\"pl-PL\"},{\"@type\":\"Organization\",\"@id\":\"https:\\\/\\\/blog.spanishcourseinspain.com\\\/#organization\",\"name\":\"Dencanto Community\",\"url\":\"https:\\\/\\\/blog.spanishcourseinspain.com\\\/\",\"logo\":{\"@type\":\"ImageObject\",\"inLanguage\":\"pl-PL\",\"@id\":\"https:\\\/\\\/blog.spanishcourseinspain.com\\\/#\\\/schema\\\/logo\\\/image\\\/\",\"url\":\"https:\\\/\\\/blog.spanishcourseinspain.com\\\/wp-content\\\/uploads\\\/2023\\\/11\\\/dencanto-logo.png\",\"contentUrl\":\"https:\\\/\\\/blog.spanishcourseinspain.com\\\/wp-content\\\/uploads\\\/2023\\\/11\\\/dencanto-logo.png\",\"width\":780,\"height\":528,\"caption\":\"Dencanto Community\"},\"image\":{\"@id\":\"https:\\\/\\\/blog.spanishcourseinspain.com\\\/#\\\/schema\\\/logo\\\/image\\\/\"}},{\"@type\":\"Person\",\"@id\":\"https:\\\/\\\/blog.spanishcourseinspain.com\\\/#\\\/schema\\\/person\\\/986e9d2d24f98f21009ea3057584ed10\",\"name\":\"Marketing Dencanto\",\"image\":{\"@type\":\"ImageObject\",\"inLanguage\":\"pl-PL\",\"@id\":\"https:\\\/\\\/secure.gravatar.com\\\/avatar\\\/1b171e4de16b18998d2f7059e140ba7d0ac3323bf7e6c088e247a1d93723d150?s=96&d=mm&r=g\",\"url\":\"https:\\\/\\\/secure.gravatar.com\\\/avatar\\\/1b171e4de16b18998d2f7059e140ba7d0ac3323bf7e6c088e247a1d93723d150?s=96&d=mm&r=g\",\"contentUrl\":\"https:\\\/\\\/secure.gravatar.com\\\/avatar\\\/1b171e4de16b18998d2f7059e140ba7d0ac3323bf7e6c088e247a1d93723d150?s=96&d=mm&r=g\",\"caption\":\"Marketing Dencanto\"},\"url\":\"https:\\\/\\\/blog.spanishcourseinspain.com\\\/pl\\\/author\\\/marketing\\\/\"}]}<\/script>\n<!-- \/ Yoast SEO plugin. -->","yoast_head_json":{"title":"Estudia en Espa\u00f1a este Verano 2025 - Dencanto Community","robots":{"index":"index","follow":"follow","max-snippet":"max-snippet:-1","max-image-preview":"max-image-preview:large","max-video-preview":"max-video-preview:-1"},"canonical":"https:\/\/blog.spanishcourseinspain.com\/estudia-en-espana-este-verano-2025\/","og_locale":"pl_PL","og_type":"article","og_title":"Estudia en Espa\u00f1a este Verano 2025 - Dencanto Community","og_url":"https:\/\/blog.spanishcourseinspain.com\/estudia-en-espana-este-verano-2025\/","og_site_name":"Dencanto Community","article_published_time":"2025-06-01T14:20:49+00:00","article_modified_time":"2025-08-22T11:12:34+00:00","og_image":[{"width":2560,"height":1707,"url":"https:\/\/blog.spanishcourseinspain.com\/wp-content\/uploads\/2025\/06\/estudiantes-alegres-con-libros-de-texto-y-portatil-moderno-scaled.jpg","type":"image\/jpeg"}],"author":"Marketing Dencanto","twitter_misc":{"Napisane przez":"Marketing Dencanto","Szacowany czas czytania":"3 minuty"},"schema":{"@context":"https:\/\/schema.org","@graph":[{"@type":"Article","@id":"https:\/\/blog.spanishcourseinspain.com\/estudia-en-espana-este-verano-2025\/#article","isPartOf":{"@id":"https:\/\/blog.spanishcourseinspain.com\/estudia-en-espana-este-verano-2025\/"},"author":{"name":"Marketing Dencanto","@id":"https:\/\/blog.spanishcourseinspain.com\/#\/schema\/person\/986e9d2d24f98f21009ea3057584ed10"},"headline":"Estudia en Espa\u00f1a este Verano 2025","datePublished":"2025-06-01T14:20:49+00:00","dateModified":"2025-08-22T11:12:34+00:00","mainEntityOfPage":{"@id":"https:\/\/blog.spanishcourseinspain.com\/estudia-en-espana-este-verano-2025\/"},"wordCount":529,"publisher":{"@id":"https:\/\/blog.spanishcourseinspain.com\/#organization"},"image":{"@id":"https:\/\/blog.spanishcourseinspain.com\/estudia-en-espana-este-verano-2025\/#primaryimage"},"thumbnailUrl":"https:\/\/blog.spanishcourseinspain.com\/wp-content\/uploads\/2025\/06\/estudiantes-alegres-con-libros-de-texto-y-portatil-moderno-scaled.jpg","articleSection":["Sin categorizar"],"inLanguage":"pl-PL"},{"@type":"WebPage","@id":"https:\/\/blog.spanishcourseinspain.com\/estudia-en-espana-este-verano-2025\/","url":"https:\/\/blog.spanishcourseinspain.com\/estudia-en-espana-este-verano-2025\/","name":"Estudia en Espa\u00f1a este Verano 2025 - Dencanto Community","isPartOf":{"@id":"https:\/\/blog.spanishcourseinspain.com\/#website"},"primaryImageOfPage":{"@id":"https:\/\/blog.spanishcourseinspain.com\/estudia-en-espana-este-verano-2025\/#primaryimage"},"image":{"@id":"https:\/\/blog.spanishcourseinspain.com\/estudia-en-espana-este-verano-2025\/#primaryimage"},"thumbnailUrl":"https:\/\/blog.spanishcourseinspain.com\/wp-content\/uploads\/2025\/06\/estudiantes-alegres-con-libros-de-texto-y-portatil-moderno-scaled.jpg","datePublished":"2025-06-01T14:20:49+00:00","dateModified":"2025-08-22T11:12:34+00:00","description":"\"Estudia en Espa\u00f1a este verano 2025 y vive una experiencia \u00fanica de inmersi\u00f3n cultural y ling\u00fc\u00edstica. Aprende espa\u00f1ol mientras disfrutas de la vida, la cultura y el sol en ciudades incre\u00edbles. \u00a1Reserva ya tu plaza!","breadcrumb":{"@id":"https:\/\/blog.spanishcourseinspain.com\/estudia-en-espana-este-verano-2025\/#breadcrumb"},"inLanguage":"pl-PL","potentialAction":[{"@type":"ReadAction","target":["https:\/\/blog.spanishcourseinspain.com\/estudia-en-espana-este-verano-2025\/"]}]},{"@type":"ImageObject","inLanguage":"pl-PL","@id":"https:\/\/blog.spanishcourseinspain.com\/estudia-en-espana-este-verano-2025\/#primaryimage","url":"https:\/\/blog.spanishcourseinspain.com\/wp-content\/uploads\/2025\/06\/estudiantes-alegres-con-libros-de-texto-y-portatil-moderno-scaled.jpg","contentUrl":"https:\/\/blog.spanishcourseinspain.com\/wp-content\/uploads\/2025\/06\/estudiantes-alegres-con-libros-de-texto-y-portatil-moderno-scaled.jpg","width":2560,"height":1707,"caption":"Estudiante- verano-espa\u00f1a"},{"@type":"BreadcrumbList","@id":"https:\/\/blog.spanishcourseinspain.com\/estudia-en-espana-este-verano-2025\/#breadcrumb","itemListElement":[{"@type":"ListItem","position":1,"name":"Portada","item":"https:\/\/blog.spanishcourseinspain.com\/es\/mesa-redonda-ele-2-2\/"},{"@type":"ListItem","position":2,"name":"Estudia en Espa\u00f1a este Verano 2025"}]},{"@type":"WebSite","@id":"https:\/\/blog.spanishcourseinspain.com\/#website","url":"https:\/\/blog.spanishcourseinspain.com\/","name":"Dencanto Community","description":"Lo mejor contenido sobre espa\u00f1ol y Espa\u00f1a en el Blog de Dencanto Community","publisher":{"@id":"https:\/\/blog.spanishcourseinspain.com\/#organization"},"potentialAction":[{"@type":"SearchAction","target":{"@type":"EntryPoint","urlTemplate":"https:\/\/blog.spanishcourseinspain.com\/?s={search_term_string}"},"query-input":{"@type":"PropertyValueSpecification","valueRequired":true,"valueName":"search_term_string"}}],"inLanguage":"pl-PL"},{"@type":"Organization","@id":"https:\/\/blog.spanishcourseinspain.com\/#organization","name":"Dencanto Community","url":"https:\/\/blog.spanishcourseinspain.com\/","logo":{"@type":"ImageObject","inLanguage":"pl-PL","@id":"https:\/\/blog.spanishcourseinspain.com\/#\/schema\/logo\/image\/","url":"https:\/\/blog.spanishcourseinspain.com\/wp-content\/uploads\/2023\/11\/dencanto-logo.png","contentUrl":"https:\/\/blog.spanishcourseinspain.com\/wp-content\/uploads\/2023\/11\/dencanto-logo.png","width":780,"height":528,"caption":"Dencanto Community"},"image":{"@id":"https:\/\/blog.spanishcourseinspain.com\/#\/schema\/logo\/image\/"}},{"@type":"Person","@id":"https:\/\/blog.spanishcourseinspain.com\/#\/schema\/person\/986e9d2d24f98f21009ea3057584ed10","name":"Marketing Dencanto","image":{"@type":"ImageObject","inLanguage":"pl-PL","@id":"https:\/\/secure.gravatar.com\/avatar\/1b171e4de16b18998d2f7059e140ba7d0ac3323bf7e6c088e247a1d93723d150?s=96&d=mm&r=g","url":"https:\/\/secure.gravatar.com\/avatar\/1b171e4de16b18998d2f7059e140ba7d0ac3323bf7e6c088e247a1d93723d150?s=96&d=mm&r=g","contentUrl":"https:\/\/secure.gravatar.com\/avatar\/1b171e4de16b18998d2f7059e140ba7d0ac3323bf7e6c088e247a1d93723d150?s=96&d=mm&r=g","caption":"Marketing Dencanto"},"url":"https:\/\/blog.spanishcourseinspain.com\/pl\/author\/marketing\/"}]}},"jetpack_sharing_enabled":true,"jetpack_featured_media_url":"https:\/\/blog.spanishcourseinspain.com\/wp-content\/uploads\/2025\/06\/estudiantes-alegres-con-libros-de-texto-y-portatil-moderno-scaled.jpg","_links":{"self":[{"href":"https:\/\/blog.spanishcourseinspain.com\/pl\/wp-json\/wp\/v2\/posts\/19859","targetHints":{"allow":["GET"]}}],"collection":[{"href":"https:\/\/blog.spanishcourseinspain.com\/pl\/wp-json\/wp\/v2\/posts"}],"about":[{"href":"https:\/\/blog.spanishcourseinspain.com\/pl\/wp-json\/wp\/v2\/types\/post"}],"author":[{"embeddable":true,"href":"https:\/\/blog.spanishcourseinspain.com\/pl\/wp-json\/wp\/v2\/users\/25"}],"replies":[{"embeddable":true,"href":"https:\/\/blog.spanishcourseinspain.com\/pl\/wp-json\/wp\/v2\/comments?post=19859"}],"version-history":[{"count":2,"href":"https:\/\/blog.spanishcourseinspain.com\/pl\/wp-json\/wp\/v2\/posts\/19859\/revisions"}],"predecessor-version":[{"id":20702,"href":"https:\/\/blog.spanishcourseinspain.com\/pl\/wp-json\/wp\/v2\/posts\/19859\/revisions\/20702"}],"wp:featuredmedia":[{"embeddable":true,"href":"https:\/\/blog.spanishcourseinspain.com\/pl\/wp-json\/wp\/v2\/media\/19883"}],"wp:attachment":[{"href":"https:\/\/blog.spanishcourseinspain.com\/pl\/wp-json\/wp\/v2\/media?parent=19859"}],"wp:term":[{"taxonomy":"category","embeddable":true,"href":"https:\/\/blog.spanishcourseinspain.com\/pl\/wp-json\/wp\/v2\/categories?post=19859"},{"taxonomy":"post_tag","embeddable":true,"href":"https:\/\/blog.spanishcourseinspain.com\/pl\/wp-json\/wp\/v2\/tags?post=19859"}],"curies":[{"name":"wp","href":"https:\/\/api.w.org\/{rel}","templated":true}]}}