{"id":20095,"date":"2025-07-15T10:01:49","date_gmt":"2025-07-15T08:01:49","guid":{"rendered":"https:\/\/blog.spanishcourseinspain.com\/?p=20095"},"modified":"2025-09-29T13:17:01","modified_gmt":"2025-09-29T11:17:01","slug":"feria-de-malaga-2025","status":"publish","type":"post","link":"https:\/\/blog.spanishcourseinspain.com\/pl\/feria-de-malaga-2025\/","title":{"rendered":"Feria de M\u00e1laga 2025: Vive una Experiencia Cultural \u00danica mientras Aprendes Espa\u00f1ol"},"content":{"rendered":"<h2 data-pm-slice=\"1 1 []\">\u00bfQu\u00e9 es la Feria de M\u00e1laga?<\/h2>\n<p>La Feria de M\u00e1laga es una de las celebraciones m\u00e1s emblem\u00e1ticas del sur de Espa\u00f1a. Su origen se remonta al siglo XV, cuando se conmemor\u00f3 la toma de la ciudad por los Reyes Cat\u00f3licos en 1487.<\/p>\n<p>Con el paso del tiempo, la feria ha evolucionado y se ha convertido en una explosi\u00f3n de m\u00fasica, color, gastronom\u00eda y tradici\u00f3n andaluza. Se distingue por su doble faceta: la feria de d\u00eda, que llena el centro hist\u00f3rico de alegr\u00eda, y la feria de noche, que se vive en el Real del Cortijo de Torres con casetas, conciertos y ambiente festivo.<\/p>\n<p>Para los malague\u00f1os, esta feria es mucho m\u00e1s que una fiesta: es identidad, orgullo y una oportunidad de compartir su cultura con el mundo.<\/p>\n<h2>\u00bfCu\u00e1ndo y D\u00f3nde se Celebra la Feria de M\u00e1laga 2025?<\/h2>\n<p>La Feria de M\u00e1laga 2025 se celebrar\u00e1 del 17 al 24 de agosto.<\/p>\n<p>Los dos puntos clave son:<\/p>\n<ul data-spread=\"false\">\n<li><strong>Real del Cortijo de Torres<\/strong>, donde se instala el recinto ferial con casetas, atracciones y conciertos.<\/li>\n<li><strong>Centro Hist\u00f3rico<\/strong>, donde durante el d\u00eda se vive la feria m\u00e1s aut\u00e9ntica, con m\u00fasica, baile y gastronom\u00eda en las calles.<\/li>\n<\/ul>\n<p>Adem\u00e1s, no te pierdas el preg\u00f3n inaugural a cargo del famoso escritor malague\u00f1o Javier Castillo y el espect\u00e1culo de fuegos artificiales.<\/p>\n<h2>\u00bfQu\u00e9 Puedes Esperar de la Feria de M\u00e1laga?<\/h2>\n<p>La Feria de M\u00e1laga es sin\u00f3nimo de alegr\u00eda, tradici\u00f3n y cultura:<\/p>\n<ul data-spread=\"false\">\n<li><strong>Conciertos, casetas y flamenco<\/strong> en cada rinc\u00f3n.<\/li>\n<li><strong>Procesiones y eventos tradicionales<\/strong>, como la ofrenda floral a la Virgen de la Victoria.<\/li>\n<li><strong>Gastronom\u00eda t\u00edpica<\/strong>: no puedes irte sin probar los espetos de sardinas, el jam\u00f3n y el vino dulce malague\u00f1o.<\/li>\n<\/ul>\n<h3>Traje Tradicional Andaluz<\/h3>\n<p>Los trajes de flamenca son habituales, tanto en hombres como mujeres. En M\u00e1laga, los dise\u00f1os suelen ser m\u00e1s frescos y coloridos que en Sevilla. Si quieres integrarte, puedes alquilar o comprar tu traje en tiendas locales.<\/p>\n<h3>Casetas, M\u00fasica y Ambiente<\/h3>\n<p>Las casetas son el alma de la feria. Hay p\u00fablicas, donde cualquiera puede entrar, y privadas. En todas se disfruta de m\u00fasica tradicional, flamenco y sevillanas.<\/p>\n<h3>Paseo de Caballos y Corridas de Toros<\/h3>\n<p>Cada d\u00eda, el Paseo de Caballos da un aire elegante y tradicional al recinto. Tambi\u00e9n se celebran corridas de toros, para quienes quieran conocer esta controvertida tradici\u00f3n cultural.<\/p>\n<h2>Consejos para Disfrutar de la Feria de M\u00e1laga<\/h2>\n<ul data-spread=\"false\">\n<li>Hidr\u00e1tate y prot\u00e9gete del sol.<\/li>\n<li>Lo mejor es ir al centro durante el d\u00eda y al recinto por la noche.<\/li>\n<li>Planifica tu transporte y alojamiento con antelaci\u00f3n.<\/li>\n<li>Si buscas ambiente joven, el centro hist\u00f3rico es ideal; si prefieres algo m\u00e1s familiar, el Real es tu lugar.<\/li>\n<\/ul>\n<h2>Aprende Espa\u00f1ol mientras Vives la Feria de M\u00e1laga<\/h2>\n<p>En <a href=\"https:\/\/www.spanishcourseinspain.com\/es\/\">Dencanto Community<\/a>, te ofrecemos <a href=\"https:\/\/www.spanishcourseinspain.com\/es\/cursos-espanol\/malaga\/\">cursos intensivos de espa\u00f1ol en M\u00e1laga<\/a> en agosto, ideales para que combines aprendizaje y cultura.<\/p>\n<p>Estudiar en Espa\u00f1a es mucho m\u00e1s que asistir a clase: es sumergirte en el idioma, conocer gente de todo el mundo y vivir experiencias inolvidables, como la Feria de M\u00e1laga.<\/p>\n<p>Adem\u00e1s, este a\u00f1o el preg\u00f3n de <a href=\"https:\/\/www.javiercastillobooks.com\/biografia\/\">Javier Castillo<\/a> ser\u00e1 un hito cultural que no te querr\u00e1s perder.<\/p>\n","protected":false},"excerpt":{"rendered":"<p>\u00bfQu\u00e9 es la Feria de M\u00e1laga? La Feria de M\u00e1laga es una de las celebraciones m\u00e1s emblem\u00e1ticas del sur de Espa\u00f1a. Su origen se remonta al siglo XV, cuando se conmemor\u00f3 la toma de la ciudad por los Reyes Cat\u00f3licos en 1487. Con el paso del tiempo, la feria ha evolucionado y se ha convertido [&hellip;]<\/p>\n","protected":false},"author":25,"featured_media":20098,"comment_status":"closed","ping_status":"open","sticky":false,"template":"","format":"standard","meta":{"_et_pb_use_builder":"","_et_pb_old_content":"","_et_gb_content_width":"","_jetpack_newsletter_access":"","_jetpack_dont_email_post_to_subs":false,"_jetpack_newsletter_tier_id":0,"_jetpack_memberships_contains_paywalled_content":false,"_jetpack_memberships_contains_paid_content":false,"_joinchat":[],"footnotes":""},"categories":[1],"tags":[],"class_list":["post-20095","post","type-post","status-publish","format-standard","has-post-thumbnail","hentry","category-sin-categorizar"],"translation":{"provider":"WPGlobus","version":"3.0.5","language":"pl","enabled_languages":["es","en","it","nl","pl"],"languages":{"es":{"title":true,"content":true,"excerpt":false},"en":{"title":false,"content":false,"excerpt":false},"it":{"title":false,"content":false,"excerpt":false},"nl":{"title":false,"content":false,"excerpt":false},"pl":{"title":false,"content":false,"excerpt":false}}},"yoast_head":"<!-- This site is optimized with the Yoast SEO plugin v28.4 - https:\/\/yoast.com\/product\/yoast-seo-wordpress\/ -->\n<title>Feria de M\u00e1laga 2025: Vive una Experiencia Cultural \u00danica mientras Aprendes Espa\u00f1ol - Dencanto Community<\/title>\n<meta name=\"robots\" content=\"index, follow, max-snippet:-1, max-image-preview:large, max-video-preview:-1\" \/>\n<link rel=\"canonical\" href=\"https:\/\/blog.spanishcourseinspain.com\/feria-de-malaga-2025\/\" \/>\n<meta property=\"og:locale\" content=\"pl_PL\" \/>\n<meta property=\"og:type\" content=\"article\" \/>\n<meta property=\"og:title\" content=\"Feria de M\u00e1laga 2025: Vive una Experiencia Cultural \u00danica mientras Aprendes Espa\u00f1ol - Dencanto Community\" \/>\n<meta property=\"og:url\" content=\"https:\/\/blog.spanishcourseinspain.com\/feria-de-malaga-2025\/\" \/>\n<meta property=\"og:site_name\" content=\"Dencanto Community\" \/>\n<meta property=\"article:published_time\" content=\"2025-07-15T08:01:49+00:00\" \/>\n<meta property=\"article:modified_time\" content=\"2025-09-29T11:17:01+00:00\" \/>\n<meta property=\"og:image\" content=\"https:\/\/blog.spanishcourseinspain.com\/wp-content\/uploads\/2025\/07\/woman-with-horchata-traditional-spanish-drink-2025-03-15-06-05-20-utc-scaled.jpg\" \/>\n\t<meta property=\"og:image:width\" content=\"2560\" \/>\n\t<meta property=\"og:image:height\" content=\"1709\" \/>\n\t<meta property=\"og:image:type\" content=\"image\/jpeg\" \/>\n<meta name=\"author\" content=\"Marketing Dencanto\" \/>\n<meta name=\"twitter:label1\" content=\"Napisane przez\" \/>\n\t<meta name=\"twitter:data1\" content=\"Marketing Dencanto\" \/>\n\t<meta name=\"twitter:label2\" content=\"Szacowany czas czytania\" \/>\n\t<meta name=\"twitter:data2\" content=\"3 minuty\" \/>\n<script type=\"application\/ld+json\" class=\"yoast-schema-graph\">{\"@context\":\"https:\\\/\\\/schema.org\",\"@graph\":[{\"@type\":\"Article\",\"@id\":\"https:\\\/\\\/blog.spanishcourseinspain.com\\\/feria-de-malaga-2025\\\/#article\",\"isPartOf\":{\"@id\":\"https:\\\/\\\/blog.spanishcourseinspain.com\\\/feria-de-malaga-2025\\\/\"},\"author\":{\"name\":\"Marketing Dencanto\",\"@id\":\"https:\\\/\\\/blog.spanishcourseinspain.com\\\/#\\\/schema\\\/person\\\/986e9d2d24f98f21009ea3057584ed10\"},\"headline\":\"Feria de M\u00e1laga 2025: Vive una Experiencia Cultural \u00danica mientras Aprendes Espa\u00f1ol\",\"datePublished\":\"2025-07-15T08:01:49+00:00\",\"dateModified\":\"2025-09-29T11:17:01+00:00\",\"mainEntityOfPage\":{\"@id\":\"https:\\\/\\\/blog.spanishcourseinspain.com\\\/feria-de-malaga-2025\\\/\"},\"wordCount\":577,\"publisher\":{\"@id\":\"https:\\\/\\\/blog.spanishcourseinspain.com\\\/#organization\"},\"image\":{\"@id\":\"https:\\\/\\\/blog.spanishcourseinspain.com\\\/feria-de-malaga-2025\\\/#primaryimage\"},\"thumbnailUrl\":\"https:\\\/\\\/blog.spanishcourseinspain.com\\\/wp-content\\\/uploads\\\/2025\\\/07\\\/woman-with-horchata-traditional-spanish-drink-2025-03-15-06-05-20-utc-scaled.jpg\",\"articleSection\":[\"Sin categorizar\"],\"inLanguage\":\"pl-PL\"},{\"@type\":\"WebPage\",\"@id\":\"https:\\\/\\\/blog.spanishcourseinspain.com\\\/feria-de-malaga-2025\\\/\",\"url\":\"https:\\\/\\\/blog.spanishcourseinspain.com\\\/feria-de-malaga-2025\\\/\",\"name\":\"Feria de M\u00e1laga 2025: Vive una Experiencia Cultural \u00danica mientras Aprendes Espa\u00f1ol - Dencanto Community\",\"isPartOf\":{\"@id\":\"https:\\\/\\\/blog.spanishcourseinspain.com\\\/#website\"},\"primaryImageOfPage\":{\"@id\":\"https:\\\/\\\/blog.spanishcourseinspain.com\\\/feria-de-malaga-2025\\\/#primaryimage\"},\"image\":{\"@id\":\"https:\\\/\\\/blog.spanishcourseinspain.com\\\/feria-de-malaga-2025\\\/#primaryimage\"},\"thumbnailUrl\":\"https:\\\/\\\/blog.spanishcourseinspain.com\\\/wp-content\\\/uploads\\\/2025\\\/07\\\/woman-with-horchata-traditional-spanish-drink-2025-03-15-06-05-20-utc-scaled.jpg\",\"datePublished\":\"2025-07-15T08:01:49+00:00\",\"dateModified\":\"2025-09-29T11:17:01+00:00\",\"description\":\"Feria de M\u00e1laga 2025: fiesta, m\u00fasica, gastronom\u00eda y tradici\u00f3n andaluza. \u00a1Vive el d\u00eda en el centro y la noche en el Real!\",\"breadcrumb\":{\"@id\":\"https:\\\/\\\/blog.spanishcourseinspain.com\\\/feria-de-malaga-2025\\\/#breadcrumb\"},\"inLanguage\":\"pl-PL\",\"potentialAction\":[{\"@type\":\"ReadAction\",\"target\":[\"https:\\\/\\\/blog.spanishcourseinspain.com\\\/feria-de-malaga-2025\\\/\"]}]},{\"@type\":\"ImageObject\",\"inLanguage\":\"pl-PL\",\"@id\":\"https:\\\/\\\/blog.spanishcourseinspain.com\\\/feria-de-malaga-2025\\\/#primaryimage\",\"url\":\"https:\\\/\\\/blog.spanishcourseinspain.com\\\/wp-content\\\/uploads\\\/2025\\\/07\\\/woman-with-horchata-traditional-spanish-drink-2025-03-15-06-05-20-utc-scaled.jpg\",\"contentUrl\":\"https:\\\/\\\/blog.spanishcourseinspain.com\\\/wp-content\\\/uploads\\\/2025\\\/07\\\/woman-with-horchata-traditional-spanish-drink-2025-03-15-06-05-20-utc-scaled.jpg\",\"width\":2560,\"height\":1709,\"caption\":\"Woman drinking Horchata, traditional spanish drink made from almonds, standing in the Central foodmarket of Valencia city\"},{\"@type\":\"BreadcrumbList\",\"@id\":\"https:\\\/\\\/blog.spanishcourseinspain.com\\\/feria-de-malaga-2025\\\/#breadcrumb\",\"itemListElement\":[{\"@type\":\"ListItem\",\"position\":1,\"name\":\"Portada\",\"item\":\"https:\\\/\\\/blog.spanishcourseinspain.com\\\/es\\\/mesa-redonda-ele-2-2\\\/\"},{\"@type\":\"ListItem\",\"position\":2,\"name\":\"Feria de M\u00e1laga 2025: Vive una Experiencia Cultural \u00danica mientras Aprendes Espa\u00f1ol\"}]},{\"@type\":\"WebSite\",\"@id\":\"https:\\\/\\\/blog.spanishcourseinspain.com\\\/#website\",\"url\":\"https:\\\/\\\/blog.spanishcourseinspain.com\\\/\",\"name\":\"Dencanto Community\",\"description\":\"Lo mejor contenido sobre espa\u00f1ol y Espa\u00f1a en el Blog de Dencanto Community\",\"publisher\":{\"@id\":\"https:\\\/\\\/blog.spanishcourseinspain.com\\\/#organization\"},\"potentialAction\":[{\"@type\":\"SearchAction\",\"target\":{\"@type\":\"EntryPoint\",\"urlTemplate\":\"https:\\\/\\\/blog.spanishcourseinspain.com\\\/?s={search_term_string}\"},\"query-input\":{\"@type\":\"PropertyValueSpecification\",\"valueRequired\":true,\"valueName\":\"search_term_string\"}}],\"inLanguage\":\"pl-PL\"},{\"@type\":\"Organization\",\"@id\":\"https:\\\/\\\/blog.spanishcourseinspain.com\\\/#organization\",\"name\":\"Dencanto Community\",\"url\":\"https:\\\/\\\/blog.spanishcourseinspain.com\\\/\",\"logo\":{\"@type\":\"ImageObject\",\"inLanguage\":\"pl-PL\",\"@id\":\"https:\\\/\\\/blog.spanishcourseinspain.com\\\/#\\\/schema\\\/logo\\\/image\\\/\",\"url\":\"https:\\\/\\\/blog.spanishcourseinspain.com\\\/wp-content\\\/uploads\\\/2023\\\/11\\\/dencanto-logo.png\",\"contentUrl\":\"https:\\\/\\\/blog.spanishcourseinspain.com\\\/wp-content\\\/uploads\\\/2023\\\/11\\\/dencanto-logo.png\",\"width\":780,\"height\":528,\"caption\":\"Dencanto Community\"},\"image\":{\"@id\":\"https:\\\/\\\/blog.spanishcourseinspain.com\\\/#\\\/schema\\\/logo\\\/image\\\/\"}},{\"@type\":\"Person\",\"@id\":\"https:\\\/\\\/blog.spanishcourseinspain.com\\\/#\\\/schema\\\/person\\\/986e9d2d24f98f21009ea3057584ed10\",\"name\":\"Marketing Dencanto\",\"image\":{\"@type\":\"ImageObject\",\"inLanguage\":\"pl-PL\",\"@id\":\"https:\\\/\\\/secure.gravatar.com\\\/avatar\\\/1b171e4de16b18998d2f7059e140ba7d0ac3323bf7e6c088e247a1d93723d150?s=96&d=mm&r=g\",\"url\":\"https:\\\/\\\/secure.gravatar.com\\\/avatar\\\/1b171e4de16b18998d2f7059e140ba7d0ac3323bf7e6c088e247a1d93723d150?s=96&d=mm&r=g\",\"contentUrl\":\"https:\\\/\\\/secure.gravatar.com\\\/avatar\\\/1b171e4de16b18998d2f7059e140ba7d0ac3323bf7e6c088e247a1d93723d150?s=96&d=mm&r=g\",\"caption\":\"Marketing Dencanto\"},\"url\":\"https:\\\/\\\/blog.spanishcourseinspain.com\\\/pl\\\/author\\\/marketing\\\/\"}]}<\/script>\n<!-- \/ Yoast SEO plugin. -->","yoast_head_json":{"title":"Feria de M\u00e1laga 2025: Vive una Experiencia Cultural \u00danica mientras Aprendes Espa\u00f1ol - Dencanto Community","robots":{"index":"index","follow":"follow","max-snippet":"max-snippet:-1","max-image-preview":"max-image-preview:large","max-video-preview":"max-video-preview:-1"},"canonical":"https:\/\/blog.spanishcourseinspain.com\/feria-de-malaga-2025\/","og_locale":"pl_PL","og_type":"article","og_title":"Feria de M\u00e1laga 2025: Vive una Experiencia Cultural \u00danica mientras Aprendes Espa\u00f1ol - Dencanto Community","og_url":"https:\/\/blog.spanishcourseinspain.com\/feria-de-malaga-2025\/","og_site_name":"Dencanto Community","article_published_time":"2025-07-15T08:01:49+00:00","article_modified_time":"2025-09-29T11:17:01+00:00","og_image":[{"width":2560,"height":1709,"url":"https:\/\/blog.spanishcourseinspain.com\/wp-content\/uploads\/2025\/07\/woman-with-horchata-traditional-spanish-drink-2025-03-15-06-05-20-utc-scaled.jpg","type":"image\/jpeg"}],"author":"Marketing Dencanto","twitter_misc":{"Napisane przez":"Marketing Dencanto","Szacowany czas czytania":"3 minuty"},"schema":{"@context":"https:\/\/schema.org","@graph":[{"@type":"Article","@id":"https:\/\/blog.spanishcourseinspain.com\/feria-de-malaga-2025\/#article","isPartOf":{"@id":"https:\/\/blog.spanishcourseinspain.com\/feria-de-malaga-2025\/"},"author":{"name":"Marketing Dencanto","@id":"https:\/\/blog.spanishcourseinspain.com\/#\/schema\/person\/986e9d2d24f98f21009ea3057584ed10"},"headline":"Feria de M\u00e1laga 2025: Vive una Experiencia Cultural \u00danica mientras Aprendes Espa\u00f1ol","datePublished":"2025-07-15T08:01:49+00:00","dateModified":"2025-09-29T11:17:01+00:00","mainEntityOfPage":{"@id":"https:\/\/blog.spanishcourseinspain.com\/feria-de-malaga-2025\/"},"wordCount":577,"publisher":{"@id":"https:\/\/blog.spanishcourseinspain.com\/#organization"},"image":{"@id":"https:\/\/blog.spanishcourseinspain.com\/feria-de-malaga-2025\/#primaryimage"},"thumbnailUrl":"https:\/\/blog.spanishcourseinspain.com\/wp-content\/uploads\/2025\/07\/woman-with-horchata-traditional-spanish-drink-2025-03-15-06-05-20-utc-scaled.jpg","articleSection":["Sin categorizar"],"inLanguage":"pl-PL"},{"@type":"WebPage","@id":"https:\/\/blog.spanishcourseinspain.com\/feria-de-malaga-2025\/","url":"https:\/\/blog.spanishcourseinspain.com\/feria-de-malaga-2025\/","name":"Feria de M\u00e1laga 2025: Vive una Experiencia Cultural \u00danica mientras Aprendes Espa\u00f1ol - Dencanto Community","isPartOf":{"@id":"https:\/\/blog.spanishcourseinspain.com\/#website"},"primaryImageOfPage":{"@id":"https:\/\/blog.spanishcourseinspain.com\/feria-de-malaga-2025\/#primaryimage"},"image":{"@id":"https:\/\/blog.spanishcourseinspain.com\/feria-de-malaga-2025\/#primaryimage"},"thumbnailUrl":"https:\/\/blog.spanishcourseinspain.com\/wp-content\/uploads\/2025\/07\/woman-with-horchata-traditional-spanish-drink-2025-03-15-06-05-20-utc-scaled.jpg","datePublished":"2025-07-15T08:01:49+00:00","dateModified":"2025-09-29T11:17:01+00:00","description":"Feria de M\u00e1laga 2025: fiesta, m\u00fasica, gastronom\u00eda y tradici\u00f3n andaluza. \u00a1Vive el d\u00eda en el centro y la noche en el Real!","breadcrumb":{"@id":"https:\/\/blog.spanishcourseinspain.com\/feria-de-malaga-2025\/#breadcrumb"},"inLanguage":"pl-PL","potentialAction":[{"@type":"ReadAction","target":["https:\/\/blog.spanishcourseinspain.com\/feria-de-malaga-2025\/"]}]},{"@type":"ImageObject","inLanguage":"pl-PL","@id":"https:\/\/blog.spanishcourseinspain.com\/feria-de-malaga-2025\/#primaryimage","url":"https:\/\/blog.spanishcourseinspain.com\/wp-content\/uploads\/2025\/07\/woman-with-horchata-traditional-spanish-drink-2025-03-15-06-05-20-utc-scaled.jpg","contentUrl":"https:\/\/blog.spanishcourseinspain.com\/wp-content\/uploads\/2025\/07\/woman-with-horchata-traditional-spanish-drink-2025-03-15-06-05-20-utc-scaled.jpg","width":2560,"height":1709,"caption":"Woman drinking Horchata, traditional spanish drink made from almonds, standing in the Central foodmarket of Valencia city"},{"@type":"BreadcrumbList","@id":"https:\/\/blog.spanishcourseinspain.com\/feria-de-malaga-2025\/#breadcrumb","itemListElement":[{"@type":"ListItem","position":1,"name":"Portada","item":"https:\/\/blog.spanishcourseinspain.com\/es\/mesa-redonda-ele-2-2\/"},{"@type":"ListItem","position":2,"name":"Feria de M\u00e1laga 2025: Vive una Experiencia Cultural \u00danica mientras Aprendes Espa\u00f1ol"}]},{"@type":"WebSite","@id":"https:\/\/blog.spanishcourseinspain.com\/#website","url":"https:\/\/blog.spanishcourseinspain.com\/","name":"Dencanto Community","description":"Lo mejor contenido sobre espa\u00f1ol y Espa\u00f1a en el Blog de Dencanto Community","publisher":{"@id":"https:\/\/blog.spanishcourseinspain.com\/#organization"},"potentialAction":[{"@type":"SearchAction","target":{"@type":"EntryPoint","urlTemplate":"https:\/\/blog.spanishcourseinspain.com\/?s={search_term_string}"},"query-input":{"@type":"PropertyValueSpecification","valueRequired":true,"valueName":"search_term_string"}}],"inLanguage":"pl-PL"},{"@type":"Organization","@id":"https:\/\/blog.spanishcourseinspain.com\/#organization","name":"Dencanto Community","url":"https:\/\/blog.spanishcourseinspain.com\/","logo":{"@type":"ImageObject","inLanguage":"pl-PL","@id":"https:\/\/blog.spanishcourseinspain.com\/#\/schema\/logo\/image\/","url":"https:\/\/blog.spanishcourseinspain.com\/wp-content\/uploads\/2023\/11\/dencanto-logo.png","contentUrl":"https:\/\/blog.spanishcourseinspain.com\/wp-content\/uploads\/2023\/11\/dencanto-logo.png","width":780,"height":528,"caption":"Dencanto Community"},"image":{"@id":"https:\/\/blog.spanishcourseinspain.com\/#\/schema\/logo\/image\/"}},{"@type":"Person","@id":"https:\/\/blog.spanishcourseinspain.com\/#\/schema\/person\/986e9d2d24f98f21009ea3057584ed10","name":"Marketing Dencanto","image":{"@type":"ImageObject","inLanguage":"pl-PL","@id":"https:\/\/secure.gravatar.com\/avatar\/1b171e4de16b18998d2f7059e140ba7d0ac3323bf7e6c088e247a1d93723d150?s=96&d=mm&r=g","url":"https:\/\/secure.gravatar.com\/avatar\/1b171e4de16b18998d2f7059e140ba7d0ac3323bf7e6c088e247a1d93723d150?s=96&d=mm&r=g","contentUrl":"https:\/\/secure.gravatar.com\/avatar\/1b171e4de16b18998d2f7059e140ba7d0ac3323bf7e6c088e247a1d93723d150?s=96&d=mm&r=g","caption":"Marketing Dencanto"},"url":"https:\/\/blog.spanishcourseinspain.com\/pl\/author\/marketing\/"}]}},"jetpack_sharing_enabled":true,"jetpack_featured_media_url":"https:\/\/blog.spanishcourseinspain.com\/wp-content\/uploads\/2025\/07\/woman-with-horchata-traditional-spanish-drink-2025-03-15-06-05-20-utc-scaled.jpg","_links":{"self":[{"href":"https:\/\/blog.spanishcourseinspain.com\/pl\/wp-json\/wp\/v2\/posts\/20095","targetHints":{"allow":["GET"]}}],"collection":[{"href":"https:\/\/blog.spanishcourseinspain.com\/pl\/wp-json\/wp\/v2\/posts"}],"about":[{"href":"https:\/\/blog.spanishcourseinspain.com\/pl\/wp-json\/wp\/v2\/types\/post"}],"author":[{"embeddable":true,"href":"https:\/\/blog.spanishcourseinspain.com\/pl\/wp-json\/wp\/v2\/users\/25"}],"replies":[{"embeddable":true,"href":"https:\/\/blog.spanishcourseinspain.com\/pl\/wp-json\/wp\/v2\/comments?post=20095"}],"version-history":[{"count":1,"href":"https:\/\/blog.spanishcourseinspain.com\/pl\/wp-json\/wp\/v2\/posts\/20095\/revisions"}],"predecessor-version":[{"id":20119,"href":"https:\/\/blog.spanishcourseinspain.com\/pl\/wp-json\/wp\/v2\/posts\/20095\/revisions\/20119"}],"wp:featuredmedia":[{"embeddable":true,"href":"https:\/\/blog.spanishcourseinspain.com\/pl\/wp-json\/wp\/v2\/media\/20098"}],"wp:attachment":[{"href":"https:\/\/blog.spanishcourseinspain.com\/pl\/wp-json\/wp\/v2\/media?parent=20095"}],"wp:term":[{"taxonomy":"category","embeddable":true,"href":"https:\/\/blog.spanishcourseinspain.com\/pl\/wp-json\/wp\/v2\/categories?post=20095"},{"taxonomy":"post_tag","embeddable":true,"href":"https:\/\/blog.spanishcourseinspain.com\/pl\/wp-json\/wp\/v2\/tags?post=20095"}],"curies":[{"name":"wp","href":"https:\/\/api.w.org\/{rel}","templated":true}]}}